{"id":1157,"date":"2021-02-23T13:45:11","date_gmt":"2021-02-23T13:45:11","guid":{"rendered":"http:\/\/www.szklo-ceramika.online\/?p=1157"},"modified":"2021-02-23T13:45:11","modified_gmt":"2021-02-23T13:45:11","slug":"3-festiwal-ceramiki-w-pieckach-%e2%80%92-zglos-swoj-udzial","status":"publish","type":"post","link":"https:\/\/www.szklo-ceramika.online\/en\/3-festiwal-ceramiki-w-pieckach-%e2%80%92-zglos-swoj-udzial\/","title":{"rendered":"3. Festiwal Ceramiki w Pieckach \u2012 zg\u0142o\u015b sw\u00f3j udzia\u0142!"},"content":{"rendered":"<div class=\"pntrst_main_before_after\"><\/div><p><img loading=\"lazy\" decoding=\"async\" class=\"size-medium wp-image-1325 alignleft\" src=\"http:\/\/www.szklo-ceramika.online\/wp-content\/uploads\/2021\/02\/fcpiecki-212x300.png\" alt=\"\" width=\"212\" height=\"300\" srcset=\"https:\/\/www.szklo-ceramika.online\/wp-content\/uploads\/2021\/02\/fcpiecki-212x300.png 212w, https:\/\/www.szklo-ceramika.online\/wp-content\/uploads\/2021\/02\/fcpiecki-724x1024.png 724w, https:\/\/www.szklo-ceramika.online\/wp-content\/uploads\/2021\/02\/fcpiecki-768x1086.png 768w, https:\/\/www.szklo-ceramika.online\/wp-content\/uploads\/2021\/02\/fcpiecki-1086x1536.png 1086w, https:\/\/www.szklo-ceramika.online\/wp-content\/uploads\/2021\/02\/fcpiecki-1448x2048.png 1448w, https:\/\/www.szklo-ceramika.online\/wp-content\/uploads\/2021\/02\/fcpiecki-1246x1763.png 1246w, https:\/\/www.szklo-ceramika.online\/wp-content\/uploads\/2021\/02\/fcpiecki-675x955.png 675w, https:\/\/www.szklo-ceramika.online\/wp-content\/uploads\/2021\/02\/fcpiecki-480x679.png 480w, https:\/\/www.szklo-ceramika.online\/wp-content\/uploads\/2021\/02\/fcpiecki.png 1587w\" sizes=\"auto, (max-width: 212px) 100vw, 212px\" \/><\/p>\n<p>Pierwsze Piecki odby\u0142y si\u0119 w 2019 r.\u00a0 W ma\u0142ej miejscowo\u015bci na Mazurach, w Muzeum Regionalnym im. Walentyny Dermackiej z Sapieh\u00f3w zasobnym w pi\u0119kn\u0105 kolekcj\u0119 ceramicznych figurek o tematyce wiejskiej, lokalnej i (odrobin\u0119) patriotycznej, powsta\u0142 pomys\u0142 na letnie spotkania z ceramik\u0105. Organizacj\u0105 wydarzenia zaj\u0119li si\u0119 pracownicy Gminnego O\u015brodka Kultury &#8220;Pegaz&#8221; w Pieckach. Sukces pierwszego i drugiego (pandemicznego) Festiwalu, to zas\u0142uga ich ci\u0119\u017ckiej pracy, ale tak\u017ce fantastycznej organizacji, efektywnego i energicznego dzia\u0142ania i doskona\u0142ej komunikacji.<\/p>\n<p>Termin 3. Festiwalu Ceramiki jest\u00a0 znany ju\u017cod kilku tygodni, warto wi\u0119c zarezerwowa\u0107 sobie ostatni lipcowy weekend (23\u201225 lipca), pojawi\u0107 si\u0119 w Pieckach i sp\u0119dzi\u0107 tam troch\u0119 czasu.<\/p>\n<p>Od <strong>14 lutego do 10 maja<\/strong> mo\u017cna zg\u0142asza\u0107 swoje uczestnictwo jako wystawca lub prowadz\u0105cy warsztaty\/pokazy. Kart\u0119 zg\u0142oszeniow\u0105 i regulamin znajdziecie na stronie <a href=\"https:\/\/gokpiecki.pl\/festiwalceramiki\/\" target=\"_blank\" rel=\"noopener\">Festiwalu Ceramiki<\/a>.<\/p>\n<p>Wi\u0119cej informacji oraz aktualno\u015bci dotycz\u0105ce organizacji wydarzenia, w tym wyniki konkursu na zdj\u0119cie do materia\u0142\u00f3w promocyjnych (ju\u017c 3 marca!), znajdziecie na <a href=\"https:\/\/www.facebook.com\/FestiwalCeramiki\" target=\"_blank\" rel=\"noopener\">FB Festiwalu<\/a>.<\/p>\n<div id=\"metaslider-id-1314\" style=\"width: 100%; margin: 0 auto;\" class=\"ml-slider-3-108-0 metaslider metaslider-flex metaslider-1314 ml-slider has-dots-nav has-carousel-mode ms-theme-default\" role=\"region\" aria-label=\"Festiwal Ceramiki w Pieckach\" data-height=\"4576\" data-width=\"3536\">\n    <div id=\"metaslider_container_1314\">\n        <div id=\"metaslider_1314\" class=\"flexslider\">\n            <ul class='slides'>\n                <li style=\"display: none; width: 100%;\" class=\"slide-1315 ms-image \" aria-roledescription=\"slide\" data-date=\"2021-02-23 13:09:12\" data-filename=\"Piecki2_2-small-3536x4576.jpg\" data-slide-type=\"image\"><img loading=\"lazy\" decoding=\"async\" src=\"https:\/\/www.szklo-ceramika.online\/wp-content\/uploads\/2021\/02\/Piecki2_2-small-3536x4576.jpg\" height=\"4576\" width=\"3536\" alt=\"\" class=\"slider-1314 slide-1315 msDefaultImage\" title=\"Piecki2_2-small\" \/><\/li>\n                <li style=\"display: none; width: 100%;\" class=\"slide-1316 ms-image \" aria-roledescription=\"slide\" data-date=\"2021-02-23 13:09:13\" data-filename=\"Piecki2_3-small-3536x4576.jpg\" data-slide-type=\"image\"><img loading=\"lazy\" decoding=\"async\" src=\"https:\/\/www.szklo-ceramika.online\/wp-content\/uploads\/2021\/02\/Piecki2_3-small-3536x4576.jpg\" height=\"4576\" width=\"3536\" alt=\"\" class=\"slider-1314 slide-1316 msDefaultImage\" title=\"Piecki2_3-small\" \/><\/li>\n                <li style=\"display: none; width: 100%;\" class=\"slide-1317 ms-image \" aria-roledescription=\"slide\" data-date=\"2021-02-23 13:09:13\" data-filename=\"Piecki2_4-small-3536x4576.jpg\" data-slide-type=\"image\"><img loading=\"lazy\" decoding=\"async\" src=\"https:\/\/www.szklo-ceramika.online\/wp-content\/uploads\/2021\/02\/Piecki2_4-small-3536x4576.jpg\" height=\"4576\" width=\"3536\" alt=\"\" class=\"slider-1314 slide-1317 msDefaultImage\" title=\"Piecki2_4-small\" \/><\/li>\n                <li style=\"display: none; width: 100%;\" class=\"slide-1318 ms-image \" aria-roledescription=\"slide\" data-date=\"2021-02-23 13:09:13\" data-filename=\"Piecki2_5-small-3536x4576.jpg\" data-slide-type=\"image\"><img loading=\"lazy\" decoding=\"async\" src=\"https:\/\/www.szklo-ceramika.online\/wp-content\/uploads\/2021\/02\/Piecki2_5-small-3536x4576.jpg\" height=\"4576\" width=\"3536\" alt=\"\" class=\"slider-1314 slide-1318 msDefaultImage\" title=\"Piecki2_5-small\" \/><\/li>\n                <li style=\"display: none; width: 100%;\" class=\"slide-1319 ms-image \" aria-roledescription=\"slide\" data-date=\"2021-02-23 13:09:13\" data-filename=\"Piecki2_6-small-3536x4576.jpg\" data-slide-type=\"image\"><img loading=\"lazy\" decoding=\"async\" src=\"https:\/\/www.szklo-ceramika.online\/wp-content\/uploads\/2021\/02\/Piecki2_6-small-3536x4576.jpg\" height=\"4576\" width=\"3536\" alt=\"\" class=\"slider-1314 slide-1319 msDefaultImage\" title=\"Piecki2_6-small\" \/><\/li>\n                <li style=\"display: none; width: 100%;\" class=\"slide-1320 ms-image \" aria-roledescription=\"slide\" data-date=\"2021-02-23 13:09:13\" data-filename=\"Piecki2_7-small-3536x4576.jpg\" data-slide-type=\"image\"><img loading=\"lazy\" decoding=\"async\" src=\"https:\/\/www.szklo-ceramika.online\/wp-content\/uploads\/2021\/02\/Piecki2_7-small-3536x4576.jpg\" height=\"4576\" width=\"3536\" alt=\"\" class=\"slider-1314 slide-1320 msDefaultImage\" title=\"Piecki2_7-small\" \/><\/li>\n                <li style=\"display: none; width: 100%;\" class=\"slide-1321 ms-image \" aria-roledescription=\"slide\" data-date=\"2021-02-23 13:09:13\" data-filename=\"Piecki2_8-small-3536x4576.jpg\" data-slide-type=\"image\"><img loading=\"lazy\" decoding=\"async\" src=\"https:\/\/www.szklo-ceramika.online\/wp-content\/uploads\/2021\/02\/Piecki2_8-small-3536x4576.jpg\" height=\"4576\" width=\"3536\" alt=\"\" class=\"slider-1314 slide-1321 msDefaultImage\" title=\"Piecki2_8-small\" \/><\/li>\n                <li style=\"display: none; width: 100%;\" class=\"slide-1322 ms-image \" aria-roledescription=\"slide\" data-date=\"2021-02-23 13:09:13\" data-filename=\"Piecki2_10-small-3536x4576.jpg\" data-slide-type=\"image\"><img loading=\"lazy\" decoding=\"async\" src=\"https:\/\/www.szklo-ceramika.online\/wp-content\/uploads\/2021\/02\/Piecki2_10-small-3536x4576.jpg\" height=\"4576\" width=\"3536\" alt=\"\" class=\"slider-1314 slide-1322 msDefaultImage\" title=\"Piecki2_10-small\" \/><\/li>\n                <li style=\"display: none; width: 100%;\" class=\"slide-1323 ms-image \" aria-roledescription=\"slide\" data-date=\"2021-02-23 13:09:13\" data-filename=\"Piecki2_11-small-3536x4576.jpg\" data-slide-type=\"image\"><img loading=\"lazy\" decoding=\"async\" src=\"https:\/\/www.szklo-ceramika.online\/wp-content\/uploads\/2021\/02\/Piecki2_11-small-3536x4576.jpg\" height=\"4576\" width=\"3536\" alt=\"\" class=\"slider-1314 slide-1323 msDefaultImage\" title=\"Piecki2_11-small\" \/><\/li>\n                <li style=\"display: none; width: 100%;\" class=\"slide-1414 ms-image \" aria-roledescription=\"slide\" data-date=\"2021-05-10 14:58:56\" data-filename=\"Rod-Ekaltow3-scaled-3536x4576.jpg\" data-slide-type=\"image\"><img loading=\"lazy\" decoding=\"async\" src=\"https:\/\/www.szklo-ceramika.online\/wp-content\/uploads\/2021\/05\/Rod-Ekaltow3-scaled-3536x4576.jpg\" height=\"4576\" width=\"3536\" alt=\"\" class=\"slider-1314 slide-1414 msDefaultImage\" title=\"R\u00f3d Ekalt\u00f3w3\" \/><\/li>\n            <\/ul>\n        <\/div>\n        \n    <\/div>\n<\/div>\n<p>W tym roku w planach jest: konkurs fotograficzny i konkurs ceramiczny, do kt\u00f3rego mo\u017ce zg\u0142osi\u0107 si\u0119 ka\u017cdy. Ramowy plan obejmuje tak\u017ce: budow\u0119 pieca w\u0119gierskiego, stoiska ceramik\u00f3w, wydarzenia integracyjne, otwarcie wystawy ceramiki, warsztaty, pokazy, wypa\u0142y raku, wypa\u0142y w trociniakach, wypa\u0142y w\u00a0 piecu papierowym.<\/p>\n<figure id=\"attachment_1303\" style=\"width: 200px\"  class=\"wp-caption alignright\"><img loading=\"lazy\" decoding=\"async\" class=\"size-medium wp-image-1303\" src=\"http:\/\/www.szklo-ceramika.online\/wp-content\/uploads\/2021\/02\/Piecki2_1_Alicja-Naworska-Kotelon-small-200x300.jpg\" alt=\"\" width=\"200\" height=\"300\" srcset=\"https:\/\/www.szklo-ceramika.online\/wp-content\/uploads\/2021\/02\/Piecki2_1_Alicja-Naworska-Kotelon-small-200x300.jpg 200w, https:\/\/www.szklo-ceramika.online\/wp-content\/uploads\/2021\/02\/Piecki2_1_Alicja-Naworska-Kotelon-small-683x1024.jpg 683w, https:\/\/www.szklo-ceramika.online\/wp-content\/uploads\/2021\/02\/Piecki2_1_Alicja-Naworska-Kotelon-small-768x1152.jpg 768w, https:\/\/www.szklo-ceramika.online\/wp-content\/uploads\/2021\/02\/Piecki2_1_Alicja-Naworska-Kotelon-small-1024x1536.jpg 1024w, https:\/\/www.szklo-ceramika.online\/wp-content\/uploads\/2021\/02\/Piecki2_1_Alicja-Naworska-Kotelon-small-675x1013.jpg 675w, https:\/\/www.szklo-ceramika.online\/wp-content\/uploads\/2021\/02\/Piecki2_1_Alicja-Naworska-Kotelon-small-480x720.jpg 480w, https:\/\/www.szklo-ceramika.online\/wp-content\/uploads\/2021\/02\/Piecki2_1_Alicja-Naworska-Kotelon-small.jpg 1200w\" sizes=\"auto, (max-width: 200px) 100vw, 200px\" \/><figcaption class=\"wp-caption-text\">Alicja Naworska-Kotelon, dyrektorka GOK &#8220;Pegaz&#8221; w Pieckach i koordynatorka Festiwalu Ceramiki, fot. z materia\u0142\u00f3w organizatora.<\/figcaption><\/figure>\n<p>Jak wida\u0107 plany s\u0105 ambitne i by\u0142oby wspaniale, gdyby wszystkie uda\u0142o si\u0119 zrealizowa\u0107, co mo\u017ce nast\u0105pi\u0107 wy\u0142\u0105cznie przy licznym uczestnictwie ceramik\u00f3w \ud83d\ude42<\/p>\n<p>Poza tym w Muzeum znajdziecie przepi\u0119kne ceramiczne rze\u017aby i figurki W\u0142adys\u0142awy Prucnal. Zebrano ich tam ponad 1800 a ka\u017cda pokazuje dawne zywczaje, obrz\u0119dy i scenki z codziennego \u017cycia wsi. Cz\u0119\u015b\u0107 z nich tworzy odr\u0119bne cykle, np.\u00a0 \u201eOd ziarenka do bochenka\u201d, \u201eAdam i Ewa\u201d, \u201eDobrodziejstwo wody\u201d, \u201eGarncarstwo\u201d, \u201eMadonny\u201d, \u201e\u015awi\u0119ci\u201d, \u201eR\u00f3\u017caniec\u201d, oraz pojedyncze figurki: \u201ePastuszkowie\u201d, \u201eAnio\u0142y\u201d, \u201eCh\u0142opi\u201d (inspirowani powie\u015bci\u0105 W\u0142adys\u0142awa Reymonta), \u201eWykopki\u201d, \u201eWielcy Polacy\u201d, \u201eHenryk Sienkiewicz\u201d, \u201eZielona G\u0119\u015b\u201d (Konstantego Ildefonsa Ga\u0142czy\u0144skiego) i wiele, wiele innych. Jest sk\u0105d czerpa\u0107 inspiracj\u0119.<\/p>\n<p>To wszystko w pi\u0119knej, sielskiej scenerii mzurskiej wsi, w\u015br\u00f3d zapachu rozgrzanego letnim s\u0142o\u0144cem drewna, kwiat\u00f3w i traw i oczywi\u015bcie \u017caru piec\u00f3w do wypa\u0142u ceramiki!<\/p>\n<p>Je\u015bli jeste\u015b ceramikiem, rzemie\u015blnikiem, artyst\u0105, albo hobbyst\u0105, mo\u017cesz liczyc na \u015bwietn\u0105 promocj\u0119 warsztatu i swoich prac. Je\u015bli po prostu kochasz ceramik\u0119, na festiwalu spotkasz ludzi, kt\u00f3rzy podzielaj\u0105 t\u0119 mi\u0142o\u015b\u0107 i zachwyt, zobaczysz jak wygl\u0105da praca ceramika, r\u00f3\u017cne techniki, niekt\u00f3rych b\u0119dziesz m\u00f3g\u0142 spr\u00f3bowa\u0107 &#8220;na w\u0142asnej sk\u00f3rze&#8221;&#8230; tak czy owak, warto sp\u0119dzi\u0107 ten lipcowy weekend w Pieckach.<\/p>\n<div class=\"pntrst_main_before_after\"><\/div><div class=\"fcbkbttn_buttons_block\" id=\"fcbkbttn_left\"><div class=\"fcbkbttn_button\">\n                            <a href=\"https:\/\/www.facebook.com\/szkloiceramika\" target=\"_blank\">\n                                <img decoding=\"async\" src=\"https:\/\/www.szklo-ceramika.online\/wp-content\/plugins\/social-buttons-pack\/facebook-button-plugin\/images\/standard-facebook-ico.png\" alt=\"Fb-Button\" \/>\n                            <\/a>\n                        <\/div><div class=\"fcbkbttn_like \"><fb:like href=\"https:\/\/www.szklo-ceramika.online\/en\/3-festiwal-ceramiki-w-pieckach-%e2%80%92-zglos-swoj-udzial\/\" action=\"like\" colorscheme=\"light\" layout=\"button_count\"  size=\"small\"><\/fb:like><\/div><div class=\"fb-share-button  \" data-href=\"https:\/\/www.szklo-ceramika.online\/en\/3-festiwal-ceramiki-w-pieckach-%e2%80%92-zglos-swoj-udzial\/\" data-type=\"button\" data-size=\"small\"><\/div><\/div>","protected":false},"excerpt":{"rendered":"<p>Pierwsze Piecki odby\u0142y si\u0119 w 2019 r.\u00a0 W ma\u0142ej miejscowo\u015bci na Mazurach, w Muzeum Regionalnym im. Walentyny Dermackiej z Sapieh\u00f3w&hellip; <\/p>\n","protected":false},"author":4,"featured_media":1300,"comment_status":"open","ping_status":"open","sticky":false,"template":"","format":"standard","meta":{"footnotes":""},"categories":[21,152,8,200,2,6],"tags":[12,31,30,305,61,308,307,310,309,306,4],"class_list":["post-1157","post","type-post","status-publish","format-standard","has-post-thumbnail","hentry","category-ceramika","category-ludzie","category-polska","category-rzemioslo","category-sztuka","category-wydarzenia","tag-art","tag-ceramics","tag-ceramika","tag-craft-rzemioslo","tag-festival","tag-festiwal-ceramiki","tag-handcraft","tag-mazury","tag-piecki","tag-rekodzielo","tag-sztuka"],"_links":{"self":[{"href":"https:\/\/www.szklo-ceramika.online\/en\/wp-json\/wp\/v2\/posts\/1157","targetHints":{"allow":["GET"]}}],"collection":[{"href":"https:\/\/www.szklo-ceramika.online\/en\/wp-json\/wp\/v2\/posts"}],"about":[{"href":"https:\/\/www.szklo-ceramika.online\/en\/wp-json\/wp\/v2\/types\/post"}],"author":[{"embeddable":true,"href":"https:\/\/www.szklo-ceramika.online\/en\/wp-json\/wp\/v2\/users\/4"}],"replies":[{"embeddable":true,"href":"https:\/\/www.szklo-ceramika.online\/en\/wp-json\/wp\/v2\/comments?post=1157"}],"version-history":[{"count":8,"href":"https:\/\/www.szklo-ceramika.online\/en\/wp-json\/wp\/v2\/posts\/1157\/revisions"}],"predecessor-version":[{"id":1328,"href":"https:\/\/www.szklo-ceramika.online\/en\/wp-json\/wp\/v2\/posts\/1157\/revisions\/1328"}],"wp:featuredmedia":[{"embeddable":true,"href":"https:\/\/www.szklo-ceramika.online\/en\/wp-json\/wp\/v2\/media\/1300"}],"wp:attachment":[{"href":"https:\/\/www.szklo-ceramika.online\/en\/wp-json\/wp\/v2\/media?parent=1157"}],"wp:term":[{"taxonomy":"category","embeddable":true,"href":"https:\/\/www.szklo-ceramika.online\/en\/wp-json\/wp\/v2\/categories?post=1157"},{"taxonomy":"post_tag","embeddable":true,"href":"https:\/\/www.szklo-ceramika.online\/en\/wp-json\/wp\/v2\/tags?post=1157"}],"curies":[{"name":"wp","href":"https:\/\/api.w.org\/{rel}","templated":true}]}}