{"id":1880,"date":"2021-09-02T15:55:47","date_gmt":"2021-09-02T14:55:47","guid":{"rendered":"http:\/\/www.szklo-ceramika.online\/?p=1880"},"modified":"2021-09-02T15:55:47","modified_gmt":"2021-09-02T14:55:47","slug":"okazaly-kufel-z-trzywarstwowego-barwnego-szkla","status":"publish","type":"post","link":"https:\/\/www.szklo-ceramika.online\/en\/okazaly-kufel-z-trzywarstwowego-barwnego-szkla\/","title":{"rendered":"Okaza\u0142y kufel z trzywarstwowego barwnego szk\u0142a"},"content":{"rendered":"<div class=\"pntrst_main_before_after\"><\/div><blockquote><p>Dla znawc\u00f3w szk\u0142a o warto\u015bci historycznej szklanego obiektu decyduje jego unikatowo\u015b\u0107 oraz z\u0142o\u017cona technologia wykonawcza.<\/p><\/blockquote>\n<p><strong> \u015al\u0105ski unikat z schaffgotschowskiej huty szk\u0142a Josephinenh\u00fctte<\/strong><\/p>\n<p><img loading=\"lazy\" decoding=\"async\" class=\" wp-image-1885 alignleft\" src=\"http:\/\/www.szklo-ceramika.online\/wp-content\/uploads\/2021\/08\/Niebieski-kulef-fot.-1_Weduta-Warmbrunn-130x300.jpg\" alt=\"\" width=\"159\" height=\"367\" srcset=\"https:\/\/www.szklo-ceramika.online\/wp-content\/uploads\/2021\/08\/Niebieski-kulef-fot.-1_Weduta-Warmbrunn-130x300.jpg 130w, https:\/\/www.szklo-ceramika.online\/wp-content\/uploads\/2021\/08\/Niebieski-kulef-fot.-1_Weduta-Warmbrunn-442x1024.jpg 442w, https:\/\/www.szklo-ceramika.online\/wp-content\/uploads\/2021\/08\/Niebieski-kulef-fot.-1_Weduta-Warmbrunn-768x1778.jpg 768w, https:\/\/www.szklo-ceramika.online\/wp-content\/uploads\/2021\/08\/Niebieski-kulef-fot.-1_Weduta-Warmbrunn-663x1536.jpg 663w, https:\/\/www.szklo-ceramika.online\/wp-content\/uploads\/2021\/08\/Niebieski-kulef-fot.-1_Weduta-Warmbrunn-885x2048.jpg 885w, https:\/\/www.szklo-ceramika.online\/wp-content\/uploads\/2021\/08\/Niebieski-kulef-fot.-1_Weduta-Warmbrunn.jpg 1009w\" sizes=\"auto, (max-width: 159px) 100vw, 159px\" \/><\/p>\n<p><strong>Hutniczy majstersztyk<\/strong><\/p>\n<p>Powlekanie (obci\u0105ganie) szk\u0142a z zewn\u0105trz sposobem podw\u00f3jnego lejka z utworzeniem trzywarstwowego barwnego szk\u0142a.<\/p>\n<p><strong>Kuglerski majstersztyk<\/strong><\/p>\n<p>Rze\u017abienie trzywarstwowego barwnego szk\u0142a sposobem zdobniczego strefowego szlifierskiego wycinania jednej i dw\u00f3ch pow\u0142ok barwnego szk\u0142a.<\/p>\n<p><strong>Malarski majstersztyk<\/strong><\/p>\n<p>Strefowe malowanie szklanego bia\u0142ego medalionu technik\u0105 precyzyjnego miniaturowego malarstwa (wielobarwna weduta Warmbrunn).<\/p>\n<p><u>Kraj, miejscowo\u015b\u0107, wytw\u00f3rnia<\/u><\/p>\n<p>Kr\u00f3lestwo Pruskie, Dolny \u015al\u0105sk, Karkonosze, Kotlina Jeleniog\u00f3rska, Szklarska Por\u0119ba, huta szk\u0142a Josephine<\/p>\n<p>\u00d3wczesny w\u0142a\u015bciciel huty szk\u0142a Josephinenh\u00fctte, Leopold Graf von Schaffgotsch<\/p>\n<p><u>Czas powstania i autorzy kufla [1]<\/u><\/p>\n<p>Ok. 1852\u20121856<\/p>\n<p>Franz Seraphicus Aloysius Pohl (1813\u20121884) \u2012 kierownik techniczny (inspektor) Josephinenh\u00fctte Glasfabrik, technolog szk\u0142a, projektodawca mas szklanych, barw, kszta\u0142tu i zdobienia<\/p>\n<p>Ernst August Simon (1827\u20121880) \u2012 rze\u017abiarz szk\u0142a<\/p>\n<p>Franz Julius Krause (1824\u20121891) \u2012 malarz szk\u0142a<\/p>\n<p><u>Wymiary<\/u><\/p>\n<p>Wysoko\u015b\u0107 21,1 cm<\/p>\n<p>\u015arednica wlewu 6,3 cm<\/p>\n<p>\u015arednica podstawy 9,1 cm<\/p>\n<p>Medalion:<\/p>\n<p>Wysoko\u015b\u0107 6,7 cm<\/p>\n<p>Szeroko\u015b\u0107 6,4 cm<\/p>\n<p><u>Opis og\u00f3lny<\/u><\/p>\n<p>Kufel uformowany r\u0119cznie hutniczo wydmuchami i kszta\u0142towaniem z trzywarstwowego barwnego szk\u0142a (bezbarwno-emaliowo bia\u0142o-przezroczy\u015bcie ciemnoniebieskiego), rze\u017abiony r\u0119cznie wg\u0142\u0119bnym szlifowaniem kuglerskim w stylizowan\u0105 tr\u00f3jbarwn\u0105 dekoracj\u0119 floraln\u0105, z r\u0119cznie wykonan\u0105 malarsko, precyzyjn\u0105 wielobarwn\u0105 miniatur\u0105 \u2012 wedut\u0105 Warmbrunn (Cieplice) \u2013 panorama miasta na tle krajobrazu.<\/p>\n<p><u>Opis podstawowej technologii wytw\u00f3rczej<\/u><\/p>\n<p><strong>Szk\u0142o<\/strong><\/p>\n<p>Uzyskanie barwnego szk\u0142a warstwowego (powlekanego) metod\u0105 hutniczego spajania ze sob\u0105 na gor\u0105co poszczeg\u00f3lnych warstw szk\u0142a, jest bardzo z\u0142o\u017conym i wieloetapowym procesem technologicznym. Podstawowym warunkiem wytw\u00f3rczym jest uzyskanie przez te barwne szk\u0142a, zgodnych ze sob\u0105 wsp\u00f3\u0142czynnik\u00f3w rozszerzalno\u015bci cieplnej liniowej, tak aby powstaj\u0105cy w hutniczym powlekaniu szk\u0142a z zewn\u0105trz, sposobem podw\u00f3jnego lejka, gor\u0105cy, wielobarwny p\u00f3\u0142fabrykat szklany (szk\u0142o surowe) nie p\u0119ka\u0142 po wystudzeniu i podczas dalszego zdobienia. Dla przedmiotowego kufla jest to szk\u0142o tr\u00f3jwarstwowe, bezbarwno-bia\u0142o-niebieskie, rze\u017abione i malowane.<\/p>\n<p><img loading=\"lazy\" decoding=\"async\" class=\" wp-image-1883 alignright\" src=\"http:\/\/www.szklo-ceramika.online\/wp-content\/uploads\/2021\/08\/Niebieski-kufel-fot.-4-155x300.jpg\" alt=\"\" width=\"189\" height=\"366\" srcset=\"https:\/\/www.szklo-ceramika.online\/wp-content\/uploads\/2021\/08\/Niebieski-kufel-fot.-4-155x300.jpg 155w, https:\/\/www.szklo-ceramika.online\/wp-content\/uploads\/2021\/08\/Niebieski-kufel-fot.-4-530x1024.jpg 530w, https:\/\/www.szklo-ceramika.online\/wp-content\/uploads\/2021\/08\/Niebieski-kufel-fot.-4-768x1483.jpg 768w, https:\/\/www.szklo-ceramika.online\/wp-content\/uploads\/2021\/08\/Niebieski-kufel-fot.-4-796x1536.jpg 796w, https:\/\/www.szklo-ceramika.online\/wp-content\/uploads\/2021\/08\/Niebieski-kufel-fot.-4-1061x2048.jpg 1061w, https:\/\/www.szklo-ceramika.online\/wp-content\/uploads\/2021\/08\/Niebieski-kufel-fot.-4.jpg 1152w\" sizes=\"auto, (max-width: 189px) 100vw, 189px\" \/>Koryguje si\u0119 zatem kilkakrotnie sk\u0142ady surowcowe danych zestaw\u00f3w szklarskich, co jest r\u00f3wnoznaczne ze zmian\u0105 sk\u0142ad\u00f3w tlenkowych mas szklanych oraz zmian\u0105 ich wsp\u00f3\u0142czynnik\u00f3w rozszerzalno\u015bci. Nast\u0119pnie, kilkunastokrotnymi pr\u00f3bnymi p\u0142omieniowymi wytopami w ma\u0142ych doniczkach ceramicznych, tych korygowanych sk\u0142adowo mas szklanych oraz hutniczym spajaniu na gor\u0105co tych barwnych szkie\u0142, ustala si\u0119 ich optymaln\u0105 przydatno\u015b\u0107 do wielowarstwowego powlekania.<\/p>\n<p>W pierwszej kolejno\u015bci korygowano szk\u0142o emalii bia\u0142ej w stosunku do bazowego szk\u0142a bezbarwnego o identycznym sk\u0142adzie w hutach szk\u0142a Carsthal i Josephinenh\u00fctte, tak zwanego kredowego, tj. potasowo-wapniowo-krzemianowego, przydatnego tylko do powlekania (jest to wewn\u0119trzna warstwa szk\u0142a w kuflu).<\/p>\n<p>\u015arodkowa warstwa szk\u0142a w kuflu \u2013 emaliowo bia\u0142a \u2013 by\u0142a nazywana w Josephinenh\u00fctte szk\u0142em emalii bia\u0142ej kryszta\u0142owej, zam\u0105conej w masie przez mini\u0119 o\u0142owiow\u0105, arszenik, ko\u015bci owcze (i tlenek cynowy).<\/p>\n<p>Zewn\u0119trzna warstwa szk\u0142a w kuflu, przezroczysto ciemnoniebieska, by\u0142a barwiona w masie tlenkiem kobaltawym.<\/p>\n<p>W drugiej kolejno\u015bci korygowano szk\u0142o niebieskie w stosunku do uprzednio skorygowanego szk\u0142a emalii bia\u0142ej. Dopiero po ustaleniu pe\u0142nej przydatno\u015bci w\/w dw\u00f3ch szklanych pow\u0142ok, przyst\u0119puje si\u0119 do w\u0142a\u015bciwego fabrycznego wytopu tych mas szklanych w donicach pieca szklarskiego, komorowego, o\u015bmiodonicowego, wytopowo-wyrobowego opalanego bezpo\u015brednio drewnem. R\u0119cznie kszta\u0142tuje si\u0119 hutniczo na gor\u0105co z ciek\u0142ych mas \u2013 emaliowo bia\u0142ej i przezroczysto ciemnoniebieskiej, d\u0142u\u017csze, grubsze pr\u0119ty szklane, tzw. wa\u0142ki. Nast\u0119pnie ogniowo d\u0142ugotrwale odpr\u0119\u017ca si\u0119 je w komorowym piecu ch\u0142odniczym opalanym bezpo\u015brednio drewnem.<\/p>\n<p><img loading=\"lazy\" decoding=\"async\" class=\" wp-image-1886 alignleft\" src=\"http:\/\/www.szklo-ceramika.online\/wp-content\/uploads\/2021\/08\/Niebieski-kulef-fot.-2-144x300.jpg\" alt=\"\" width=\"188\" height=\"392\" srcset=\"https:\/\/www.szklo-ceramika.online\/wp-content\/uploads\/2021\/08\/Niebieski-kulef-fot.-2-144x300.jpg 144w, https:\/\/www.szklo-ceramika.online\/wp-content\/uploads\/2021\/08\/Niebieski-kulef-fot.-2-492x1024.jpg 492w, https:\/\/www.szklo-ceramika.online\/wp-content\/uploads\/2021\/08\/Niebieski-kulef-fot.-2-768x1599.jpg 768w, https:\/\/www.szklo-ceramika.online\/wp-content\/uploads\/2021\/08\/Niebieski-kulef-fot.-2-738x1536.jpg 738w, https:\/\/www.szklo-ceramika.online\/wp-content\/uploads\/2021\/08\/Niebieski-kulef-fot.-2-984x2048.jpg 984w, https:\/\/www.szklo-ceramika.online\/wp-content\/uploads\/2021\/08\/Niebieski-kulef-fot.-2.jpg 1076w\" sizes=\"auto, (max-width: 188px) 100vw, 188px\" \/>Wszystkie powy\u017cej opisane czynno\u015bci technologiczne prowadzono w hucie szk\u0142a Carlsthal. W tej hucie szk\u0142a by\u0142y dwa piece szklarskie: jeden ma\u0142y o\u015bmiotyglowy (doniczkowy) do pr\u00f3bnych wytop\u00f3w r\u00f3\u017cnego rodzaju mas szklanych, drugi wi\u0119kszy, o\u015bmiodonicowy do fabrycznego monocyklowego wytopu mas szklanych i wyrabiania wyrob\u00f3w.<\/p>\n<p>Dopiero te tak \u017cmudnie uzyskane barwne pr\u0119ty szklane pos\u0142u\u017c\u0105 w Josephinenh\u00fctte do w\u0142a\u015bciwego formowania przedmiotowego tr\u00f3jwarstwowego kufla. Z pr\u0119ta szk\u0142a emaliowo bia\u0142ego i z pr\u0119ta przezroczy\u015bcie ciemnoniebieskiego ucina si\u0119, stosownie do hutniczych potrzeb, ma\u0142e kawa\u0142ki barwnego szk\u0142a, tzw. barwki (\u017cargonowo klusy).<\/p>\n<p>Na zewn\u0119trznej stronie wewn\u0119trznej warstwy bezbarwnego szk\u0142a bazowego potasowo-wapniowo-krzemianowego, zostaj\u0105 hutniczo na gor\u0105co przypojone dwie barwne pow\u0142oki szklane. Pierwsza \u015brodkowa pow\u0142oka z cienkiego, nieprzezroczystego szk\u0142a emaliowo bia\u0142ego, druga zewn\u0119trzna pow\u0142oka z grubszego przezroczystego szk\u0142a ciemnoniebieskiego.<\/p>\n<p>Hutnicze gor\u0105ce powlekanie pow\u0142okami barwnego szk\u0142a odbywa si\u0119 sposobem podw\u00f3jnego lejka. Tylko ten spos\u00f3b stosowany w szklarstwie \u015brodkowoeuropejskim od 1836 r. dla szkie\u0142 tr\u00f3jwarstwowych, zapewnia r\u00f3wnomiern\u0105 grubo\u015b\u0107 obu barwnych pow\u0142ok szklanych na ca\u0142ym korpusie kufla. Ma to istotne znaczenie przy strefowym precyzyjnym wycinaniu rze\u017abieniem jednej czy dw\u00f3ch barwnych pow\u0142ok.<\/p>\n<p>Poni\u017cej przedstawiono schematycznie pierwsze powlekanie barwk\u0105 szk\u0142a emaliowo bia\u0142ego.<\/p>\n<p><img loading=\"lazy\" decoding=\"async\" class=\"alignnone wp-image-1888\" src=\"http:\/\/www.szklo-ceramika.online\/wp-content\/uploads\/2021\/08\/Technika-podwojnego-lejka-300x209.jpg\" alt=\"\" width=\"618\" height=\"431\" srcset=\"https:\/\/www.szklo-ceramika.online\/wp-content\/uploads\/2021\/08\/Technika-podwojnego-lejka-300x209.jpg 300w, https:\/\/www.szklo-ceramika.online\/wp-content\/uploads\/2021\/08\/Technika-podwojnego-lejka.jpg 490w\" sizes=\"auto, (max-width: 618px) 100vw, 618px\" \/><\/p>\n<p>Kufel formowano r\u0119cznie hutniczo na gor\u0105co z dw\u00f3ch porcji masy szklanej tr\u00f3jwarstwowej: na korpus i na ucho, metod\u0105 wydmuch\u00f3w ustami przez piszczel (korpus z kap\u0105) oraz metod\u0105 kszta\u0142towania r\u0119cznego z u\u017cyciem specjalistycznych narz\u0119dzi (korpus z kap\u0105 i ucho). Z kolei pozbawiony kapy kufel odpr\u0119\u017ca si\u0119 w komorowym piecu ch\u0142odniczym przez wygrzewanie a potem przez powolne studzenie przez 24 godziny.<\/p>\n<p><strong>Rze\u017abienie<\/strong><\/p>\n<p>Kufel zdobi si\u0119 r\u0119cznie rze\u017abiarsko na zimno, na mokro, sposobem wg\u0142\u0119bnego z\u0142o\u017conego kuglerskiego szlifowania czterooperacyjnego z u\u017cyciem wielu rodzaj\u00f3w, wielko\u015bci i profili \u017c\u0105de\u0142 pionowych tarcz:<\/p>\n<p>\u2013 zdzieranie i \u017c\u0142obienie zgrubne (tarcze \u017celazne, \u017celiwne i br\u0105zowe)<\/p>\n<p>\u2013 g\u0142adzenie i \u017c\u0142obienie wyg\u0142adzaj\u0105ce (tarcze piaskowcowe r\u00f3\u017cnej twardo\u015bci)<\/p>\n<p>\u2013 polerowanie \u017c\u0142obin (tarcze z mi\u0119kkiego drewna)<\/p>\n<p>\u2012 glansowanie \u017c\u0142obin (tarcze z filcu),<\/p>\n<p>w warstwie szk\u0142a bezbarwnego oraz ze strefowym przecinaniem i wycinaniem barwnych pow\u0142ok szklanych. <strong>A tak\u017ce pasmowym strefowym wycinaniem tylko pow\u0142ok szk\u0142a przezroczysto ciemnoniebieskiego z pozostawieniem w tym miejscu pasmowej pow\u0142oki szk\u0142a emaliowo bia\u0142ego. <\/strong>To ostatnie wymaga wysokich umiej\u0119tno\u015bci techniczno-manualnych od rze\u017abiarza szk\u0142a \u2013 kuglera oraz <strong>wyst\u0119puje nadzwyczaj rzadko na tr\u00f3jwarstwowych barwnych szk\u0142ach.<\/strong><\/p>\n<p><strong>Malatura<\/strong><\/p>\n<p>W du\u017cym opakowo bia\u0142ym, pionowo owalnym medalionie (6,7 cm \u00d7 6,4 cm) namalowana zosta\u0142a wielobarwna i wieloplanowa letnia panorama architektoniczno-krajobrazowa miejscowo\u015bci uzdrowiskowej Cieplice Zdr\u00f3j (Warmbrunn). W g\u00f3rnej strefie, na ca\u0142ej d\u0142ugo\u015bci owalu w wysokim poziomym pasie wida\u0107 przymglone, s\u0142oneczne niebo z zarysem siwych \u0142a\u0144cuch\u00f3w g\u00f3rskich. W \u015brodkowej strefie, na ca\u0142ej d\u0142ugo\u015bci owalu, w wysokim poziomym pasie, znalaz\u0142 si\u0119 motyw wieloplanowej be\u017cowo-ceglastej architektury budynk\u00f3w mieszkalnych i budynk\u00f3w sakralnych z g\u0142\u0119bokim przedpolem sutej zieleni, k\u0119p drzew i \u0142\u0105k. W centrum miejscowo\u015bci okaza\u0142y pa\u0142ac Schaffgotsch\u00f3w oraz dwa ko\u015bcio\u0142y z wie\u017cami. W dolnej strefie, w jednym miejscu, na jednej poziomej linii, niemiecki napis z\u0142oty w liternictwie gotyckim \u201eWarmbrunn\u201d.<\/p>\n<p><img loading=\"lazy\" decoding=\"async\" class=\" wp-image-1884 aligncenter\" src=\"http:\/\/www.szklo-ceramika.online\/wp-content\/uploads\/2021\/08\/Niebieski-kufel-fot.-5_Weduta-powiekszenie-271x300.jpg\" alt=\"\" width=\"410\" height=\"454\" srcset=\"https:\/\/www.szklo-ceramika.online\/wp-content\/uploads\/2021\/08\/Niebieski-kufel-fot.-5_Weduta-powiekszenie-271x300.jpg 271w, https:\/\/www.szklo-ceramika.online\/wp-content\/uploads\/2021\/08\/Niebieski-kufel-fot.-5_Weduta-powiekszenie.jpg 752w\" sizes=\"auto, (max-width: 410px) 100vw, 410px\" \/><\/p>\n<p>Kufel zdobiono r\u0119cznie malarsko na zimno, z wieloetapowym nak\u0142adaniem r\u00f3\u017cnych barwnych farb, z u\u017cyciem du\u017cej lupy powi\u0119kszaj\u0105cej sze\u015bciokrotnie, sposobem z\u0142o\u017conego precyzyjnego malowania miniatur z u\u017cyciem farb szkliwnych wielobarwnych, emalii transparentnych. Malatura weduty Warmbrunn utrwalona zosta\u0142a termicznie przez po\u015brednio ogniowe wypalenie farb. Kufel zdobi si\u0119 r\u0119cznie malarsko na zimno z\u0142otem z u\u017cyciem farby z\u0142ota dukatowego. Opaski i obw\u00f3dki z\u0142ote utrwalone termicznie przez po\u015brednie ogniowe wypalenie.<\/p>\n<p>Wypa\u0142 z\u0142ota prowadzony by\u0142 r\u00f3wnocze\u015bnie z wypa\u0142em farb \u2013 jednokrotne palenie w cyklu rozgrzew-wypa\u0142-studzenie, trwaj\u0105cym 18 godzin w muflowym komorowym piecu malarskim opalanym po\u015brednio drewnem.<\/p>\n<p><strong>Z receptarza Franza S.A. Pohla <\/strong>[2]<\/p>\n<p>Za wynalezienie szk\u0142a emalii bia\u0142ej kryszta\u0142owej (a \u015bci\u015blej za ponowne odkrycie tego antycznego szk\u0142a) Franz S.A. Pohl otrzyma\u0142 nagrod\u0119 pieni\u0119\u017cn\u0105 od Rz\u0105du Kr\u00f3lestwa Pruskiego.<\/p>\n<p><em>11.3.1848 \u2013 Milchweihs \u2013 69 Pfd. Minium; 60 Pfd. Kies; 13 \u00bd Pfd. Arsenik; 8 \u00bd Pfd. Pottasche; 4 Pfd. Beine; 24 Ltd. Salpeter; 6 Pfd. Zinnasche.<\/em><\/p>\n<p><em>5.4.1856 \u2013 Emaille Uebfg \u2013 22 Pfd. Kies; 22 Pfd. Minium; 3 Pfd. 24 Ltd. Pottasche; 2 Pfd. 10 Ltd. Beine; 16 Ltd. Arsenik; gab ein glattes haltbares sehr weisses Emaille.<\/em><\/p>\n<p><strong>Recepty wielobarwnych farb szkliwnych do r\u0119cznego malowania na szkle<\/strong><\/p>\n<p>W tym czasie takie recepty stanowi\u0142y tajemnic\u0119 zawodow\u0105 danych malarzy lub malarni szk\u0142a. Takie receptarze nie by\u0142y dotychczas transkrybowane i publikowane. St\u0105d nie przytoczono z historycznych fachowych ksi\u0105\u017cek szklarskich \u2013 <em>Glasfabrication<\/em> podrozdzia\u0142 <em>Glasmalerei<\/em> z ok. po\u0142owy XIX w. \u2013 receptur takich farb szkliwnych jako nieprzystaj\u0105cych w pe\u0142ni do malarni szk\u0142a huty Josephine.<\/p>\n<p>Ka\u017cda malarnia opr\u00f3cz pieca malarskiego do wypa\u0142u malatur na szkle, posiada\u0142a specjalnej konstrukcji ma\u0142y, kilkutyglowy piec do wytopu barwnych szkliw na farby transparentne i opakowe.<\/p>\n<p>Wiarygodnie mo\u017cna jedynie poda\u0107 nast\u0119puj\u0105ce informacje o historycznych barwnych szkliwach na farby transparentne [3, 4]: na zestaw surowcowy, do kt\u00f3rego dodawano stosowne substancje barwi\u0105ce w postaci tlenk\u00f3w metalicznych sk\u0142ada\u0142y si\u0119: minia o\u0142owiowa (8 cz.) + pra\u017cony boraks (3 cz.) + mielony piasek z mlecznego kwarcu \u017cy\u0142owego (1 cz.).<\/p>\n<p>Dodatki barwi\u0105ce to:<\/p>\n<ul>\n<li>Czerwone szkliwo (r\u00f3\u017cne odcienie czerwieni) \u2013 tlenek \u017celazowy (<em>Ockbergelb, Fleischrot, Blutrot, Lackrot, Rotviolett<\/em>)<\/li>\n<li>Niebieskie szkliwo \u2013 tlenek kobaltawy<\/li>\n<li>Zielone szkliwo \u2013 tlenek miedziowy<\/li>\n<li>\u017b\u00f3\u0142te szkliwo \u2013 zwi\u0105zki: antymonu + siarki + srebra + \u017celaza<\/li>\n<li>Czarne szkliwo \u2013 zwi\u0105zki: \u017celaza + manganu + miedzi + kobaltu.<\/li>\n<\/ul>\n<p><img loading=\"lazy\" decoding=\"async\" class=\"alignnone wp-image-1887\" src=\"http:\/\/www.szklo-ceramika.online\/wp-content\/uploads\/2021\/08\/Niebieski-kufel-ramka-1-241x300.png\" alt=\"\" width=\"296\" height=\"368\" srcset=\"https:\/\/www.szklo-ceramika.online\/wp-content\/uploads\/2021\/08\/Niebieski-kufel-ramka-1-241x300.png 241w, https:\/\/www.szklo-ceramika.online\/wp-content\/uploads\/2021\/08\/Niebieski-kufel-ramka-1-768x957.png 768w, https:\/\/www.szklo-ceramika.online\/wp-content\/uploads\/2021\/08\/Niebieski-kufel-ramka-1.png 784w\" sizes=\"auto, (max-width: 296px) 100vw, 296px\" \/> <img loading=\"lazy\" decoding=\"async\" class=\"alignnone wp-image-1881 zoooom\" src=\"http:\/\/www.szklo-ceramika.online\/wp-content\/uploads\/2021\/08\/Niebieski-kufel-ramka-2-300x298.png\" alt=\"\" width=\"345\" height=\"343\" srcset=\"https:\/\/www.szklo-ceramika.online\/wp-content\/uploads\/2021\/08\/Niebieski-kufel-ramka-2-300x298.png 300w, https:\/\/www.szklo-ceramika.online\/wp-content\/uploads\/2021\/08\/Niebieski-kufel-ramka-2-150x150.png 150w, https:\/\/www.szklo-ceramika.online\/wp-content\/uploads\/2021\/08\/Niebieski-kufel-ramka-2-768x764.png 768w, https:\/\/www.szklo-ceramika.online\/wp-content\/uploads\/2021\/08\/Niebieski-kufel-ramka-2-70x70.png 70w, https:\/\/www.szklo-ceramika.online\/wp-content\/uploads\/2021\/08\/Niebieski-kufel-ramka-2.png 953w\" sizes=\"auto, (max-width: 345px) 100vw, 345px\" \/><\/p>\n<p>W 1851 r. huta Josephine prezentowa\u0142a swoje wyroby na \u015awiatowej Wystawie Przemys\u0142u w Londynie (<em>Great Exhibition of the Works of Industry of All Nations<\/em>). W oficjalnym katalogu do wystawy informacja o uczestnictwie huty hrabiego Schaffgotscha znalaz\u0142a si\u0119 na stronie 258, jako 208 pozycja listy wystawc\u00f3w z Niemiec, Prus, Pomorza i \u015al\u0105ska. Zgodnie z opisem wystawiano du\u017cy, szklany, rubinowy wazon z floraln\u0105 i arabeskow\u0105, r\u0119cznie rze\u017abion\u0105 dekoracj\u0105, oraz wazon w kolorze akwamaryny ze z\u0142oceniem, zestaw do wody a tak\u017ce puchar rze\u017abiony w arabeski.<\/p>\n<p><img loading=\"lazy\" decoding=\"async\" class=\"wp-image-1882 aligncenter\" src=\"http:\/\/www.szklo-ceramika.online\/wp-content\/uploads\/2021\/08\/Niebieski-kufel-ramka-3-300x221.jpg\" alt=\"\" width=\"519\" height=\"383\" srcset=\"https:\/\/www.szklo-ceramika.online\/wp-content\/uploads\/2021\/08\/Niebieski-kufel-ramka-3-300x221.jpg 300w, https:\/\/www.szklo-ceramika.online\/wp-content\/uploads\/2021\/08\/Niebieski-kufel-ramka-3-1024x754.jpg 1024w, https:\/\/www.szklo-ceramika.online\/wp-content\/uploads\/2021\/08\/Niebieski-kufel-ramka-3-768x565.jpg 768w, https:\/\/www.szklo-ceramika.online\/wp-content\/uploads\/2021\/08\/Niebieski-kufel-ramka-3.jpg 1406w\" sizes=\"auto, (max-width: 519px) 100vw, 519px\" \/><\/p>\n<p>Literatura:<\/p>\n<ol>\n<li>\u017belasko S., <em>Josephinenh<\/em><em>\u00fctte Kunstglasfabrik 1842\u20131900<\/em>, Glasmuseum Passau, Passau 2005<\/li>\n<li>Pohl F., <em>Schriften des ehemal. Glash<\/em><em>\u00fctten \u2013 Direktors Franz Pohl aus Schreiberhau f<\/em><em>\u00fcr die Jahre 1835 bis 1881<\/em>, transkrypcja dr S. \u017belasko i U. Junker, Passau 2003, Schriften des Passauer Glasmuseum, Band 4<\/li>\n<li><em>Heinrich Leng\u2019s Vollst<\/em><em>\u00e4ndiges Handbuch der Glasfabrication \u2026 bearbeitet von Ch. H. Schmidt\u2026,<\/em> Weimar 1854<\/li>\n<li>Leo W., <em>Die Schmelzmalerei. Die Kunst auf Glas\u2026, zu malen und die hierzu n<\/em><em>\u04e7thigen Farben und Fl<\/em><em>\u00fcsse zu bereiten<\/em>, Quedlinburg 1858<\/li>\n<li>Nowotny W., <em>Szk\u0142a barwne<\/em>, Warszawa 1969<\/li>\n<\/ol>\n<p>&nbsp;<\/p>\n<p>Artyku\u0142 ukaza\u0142 si\u0119 tak\u017ce drukiem w czasopi\u015bmie &#8220;Szk\u0142o i Ceramika&#8221; nr 2\/2021.<\/p>\n<div class=\"pntrst_main_before_after\"><\/div><div class=\"fcbkbttn_buttons_block\" id=\"fcbkbttn_left\"><div class=\"fcbkbttn_button\">\n                            <a href=\"https:\/\/www.facebook.com\/szkloiceramika\" target=\"_blank\">\n                                <img decoding=\"async\" src=\"https:\/\/www.szklo-ceramika.online\/wp-content\/plugins\/social-buttons-pack\/facebook-button-plugin\/images\/standard-facebook-ico.png\" alt=\"Fb-Button\" \/>\n                            <\/a>\n                        <\/div><div class=\"fcbkbttn_like \"><fb:like href=\"https:\/\/www.szklo-ceramika.online\/en\/okazaly-kufel-z-trzywarstwowego-barwnego-szkla\/\" action=\"like\" colorscheme=\"light\" layout=\"button_count\"  size=\"small\"><\/fb:like><\/div><div class=\"fb-share-button  \" data-href=\"https:\/\/www.szklo-ceramika.online\/en\/okazaly-kufel-z-trzywarstwowego-barwnego-szkla\/\" data-type=\"button\" data-size=\"small\"><\/div><\/div>","protected":false},"excerpt":{"rendered":"<p>Dla znawc\u00f3w szk\u0142a o warto\u015bci historycznej szklanego obiektu decyduje jego unikatowo\u015b\u0107 oraz z\u0142o\u017cona technologia wykonawcza. \u015al\u0105ski unikat z schaffgotschowskiej huty&hellip; <\/p>\n","protected":false},"author":4,"featured_media":1897,"comment_status":"open","ping_status":"open","sticky":false,"template":"","format":"standard","meta":{"footnotes":""},"categories":[110,200,7],"tags":[158,11,426,52,431,430,428,432,10,427,429],"class_list":["post-1880","post","type-post","status-publish","format-standard","has-post-thumbnail","hentry","category-historia","category-rzemioslo","category-szklo","tag-glas","tag-glass","tag-historical-glass","tag-history","tag-huta-jozefina","tag-josephinenhutte","tag-kufel","tag-schaffgotsch","tag-szklo","tag-szklo-historyczne","tag-szklo-warstwowe"],"_links":{"self":[{"href":"https:\/\/www.szklo-ceramika.online\/en\/wp-json\/wp\/v2\/posts\/1880","targetHints":{"allow":["GET"]}}],"collection":[{"href":"https:\/\/www.szklo-ceramika.online\/en\/wp-json\/wp\/v2\/posts"}],"about":[{"href":"https:\/\/www.szklo-ceramika.online\/en\/wp-json\/wp\/v2\/types\/post"}],"author":[{"embeddable":true,"href":"https:\/\/www.szklo-ceramika.online\/en\/wp-json\/wp\/v2\/users\/4"}],"replies":[{"embeddable":true,"href":"https:\/\/www.szklo-ceramika.online\/en\/wp-json\/wp\/v2\/comments?post=1880"}],"version-history":[{"count":5,"href":"https:\/\/www.szklo-ceramika.online\/en\/wp-json\/wp\/v2\/posts\/1880\/revisions"}],"predecessor-version":[{"id":1898,"href":"https:\/\/www.szklo-ceramika.online\/en\/wp-json\/wp\/v2\/posts\/1880\/revisions\/1898"}],"wp:featuredmedia":[{"embeddable":true,"href":"https:\/\/www.szklo-ceramika.online\/en\/wp-json\/wp\/v2\/media\/1897"}],"wp:attachment":[{"href":"https:\/\/www.szklo-ceramika.online\/en\/wp-json\/wp\/v2\/media?parent=1880"}],"wp:term":[{"taxonomy":"category","embeddable":true,"href":"https:\/\/www.szklo-ceramika.online\/en\/wp-json\/wp\/v2\/categories?post=1880"},{"taxonomy":"post_tag","embeddable":true,"href":"https:\/\/www.szklo-ceramika.online\/en\/wp-json\/wp\/v2\/tags?post=1880"}],"curies":[{"name":"wp","href":"https:\/\/api.w.org\/{rel}","templated":true}]}}