{"id":522,"date":"2020-11-04T15:28:27","date_gmt":"2020-11-04T15:28:27","guid":{"rendered":"http:\/\/www.szklo-ceramika.online\/?p=522"},"modified":"2020-11-04T15:29:32","modified_gmt":"2020-11-04T15:29:32","slug":"wytworczo-makingly-konferencja-online","status":"publish","type":"post","link":"https:\/\/www.szklo-ceramika.online\/en\/wytworczo-makingly-konferencja-online\/","title":{"rendered":"WYTW\u00d3RCZO \/ MAKINGLY &#8211; konferencja online"},"content":{"rendered":"<div class=\"pntrst_main_before_after\"><\/div><p>O krok od drugiego <em>lockdownu<\/em> nie chcemy ponownie zamyka\u0107 si\u0119 i zatrzymywa\u0107 \u017cycia. Dla rzemie\u015blnik\u00f3w i ma\u0142ych przedsi\u0119biorc\u00f3w z wielu r\u00f3\u017cnych bran\u017c, jest to trudna i przera\u017caj\u0105ca wizja. Gospodarki wielu pa\u0144stw zwalniaj\u0105, a utrzymywanie tzw. ja\u0142owego biegu, czyli zapewnienie mo\u017cliwo\u015bci prze\u017cycia i dzia\u0142ania, to &#8220;by\u0107 albo nie by\u0107&#8221; prawie ka\u017cdego z nas. W tej chwili r\u00f3wnie wa\u017cna jest mo\u017cliwo\u015b\u0107 porozmawiania, skonsultowania si\u0119, wymiany my\u015bli i spostrze\u017ce\u0144, ale te\u017c pomys\u0142\u00f3w (bo dostosowanie si\u0119 do reali\u00f3w nas nie ominie) na to, jak zmienia si\u0119 sytuacja, jak sobie poradzi\u0107, gdzie szuka\u0107 wsparcia oraz co mo\u017cemy zmieni\u0107 na naszym podw\u00f3rku, \u017ceby wyj\u015b\u0107 z tego ca\u0142o.<\/p>\n<p>Obok wielu ciekawych inicjatyw takich, jak przekierowanie klient\u00f3w z du\u017cych sklep\u00f3w i firm na mniejsze, lokalne zak\u0142ady i pracownie, wroc\u0142awska Akademia Sztuk Pi\u0119knych organizuje internetow\u0105, bezp\u0142atn\u0105 konferencj\u0119 o nowym rzemio\u015ble &#8211; <em>WYTW\u00d3RCZO \/ MAKINGLY<\/em>.<\/p>\n<p>Rzemios\u0142o to nie ulotna moda, ale wa\u017cny trend spo\u0142eczny, kt\u00f3ry na trwa\u0142e zmienia nasze relacje ze \u015bwiatem materialnym i innymi lud\u017ami. Dzia\u0142ania w tym obszarze coraz cz\u0119\u015bciej nazywa si\u0119 mianem nowego rzemios\u0142a. Wraz ze zmianami spo\u0142ecznymi, kulturowymi i technologicznymi, zmienia si\u0119 te\u017c wymiar dzia\u0142ania i pracy r\u0105k.<br \/>\nKim jest dzisiaj nowy rzemie\u015blnik? Czy jest sens odr\u00f3\u017cnia\u0107 nowe rzemios\u0142o od tradycyjnego? Czym si\u0119 ono charakteryzuje i czy wymaga specyficznych warunk\u00f3w do rozwoju?<\/p>\n<p><img loading=\"lazy\" decoding=\"async\" class=\"size-medium wp-image-525 alignleft\" src=\"http:\/\/www.szklo-ceramika.online\/wp-content\/uploads\/2020\/11\/zaproszenie-WYTWORCZO_Page_2-300x300.jpg\" alt=\"\" width=\"300\" height=\"300\" srcset=\"https:\/\/www.szklo-ceramika.online\/wp-content\/uploads\/2020\/11\/zaproszenie-WYTWORCZO_Page_2-300x300.jpg 300w, https:\/\/www.szklo-ceramika.online\/wp-content\/uploads\/2020\/11\/zaproszenie-WYTWORCZO_Page_2-1024x1024.jpg 1024w, https:\/\/www.szklo-ceramika.online\/wp-content\/uploads\/2020\/11\/zaproszenie-WYTWORCZO_Page_2-150x150.jpg 150w, https:\/\/www.szklo-ceramika.online\/wp-content\/uploads\/2020\/11\/zaproszenie-WYTWORCZO_Page_2-768x768.jpg 768w, https:\/\/www.szklo-ceramika.online\/wp-content\/uploads\/2020\/11\/zaproszenie-WYTWORCZO_Page_2-1536x1536.jpg 1536w, https:\/\/www.szklo-ceramika.online\/wp-content\/uploads\/2020\/11\/zaproszenie-WYTWORCZO_Page_2-2048x2048.jpg 2048w, https:\/\/www.szklo-ceramika.online\/wp-content\/uploads\/2020\/11\/zaproszenie-WYTWORCZO_Page_2-70x70.jpg 70w, https:\/\/www.szklo-ceramika.online\/wp-content\/uploads\/2020\/11\/zaproszenie-WYTWORCZO_Page_2-1246x1246.jpg 1246w, https:\/\/www.szklo-ceramika.online\/wp-content\/uploads\/2020\/11\/zaproszenie-WYTWORCZO_Page_2-675x675.jpg 675w, https:\/\/www.szklo-ceramika.online\/wp-content\/uploads\/2020\/11\/zaproszenie-WYTWORCZO_Page_2-480x480.jpg 480w\" sizes=\"auto, (max-width: 300px) 100vw, 300px\" \/><\/p>\n<p>Od 3 do 6 istopada, codziennie o godzinie 17:00 b\u0119dzie mo\u017cna wzi\u0105\u0107 udzia\u0142 w dyskusjach, warsztatach, wyk\u0142adach i debatach.<\/p>\n<p>Celem konferencji jest umo\u017cliwienie wymiany do\u015bwiadcze\u0144 rzemie\u015blnik\u00f3w specjalizuj\u0105cych si\u0119 w r\u00f3\u017cnych bran\u017cach w Polsce i za granic\u0105 oraz:<br \/>\n&#8211; inspirowanie i mi\u0119dzynarodowa wymiana wiedzy,<br \/>\n&#8211; integracja lokalnego \u015brodowiska rzemie\u015blnik\u00f3w,<br \/>\n&#8211; po\u0142\u0105czenie \u015brodowisk praktyk\u00f3w i teoretyk\u00f3w oraz badaczy w jednej interdyscyplinarnej dyskusji,<br \/>\n&#8211; odkrywanie nowych perspektyw i kontekst\u00f3w funkcjonowania rzemios\u0142a,<br \/>\n&#8211; dostarczenie praktycznych porad i informacji pomagaj\u0105cych rzemie\u015blnikom w pracy zawodowej,<br \/>\n&#8211; umocnienie \u015bwiadomo\u015bci przynale\u017cno\u015bci do \u015brodowiska tw\u00f3rc\u00f3w i zarysowanie specyfiki to\u017csamo\u015bci nowych rzemie\u015blnik\u00f3w.<\/p>\n<p>W\u015br\u00f3d go\u015bci znajd\u0105 si\u0119 mi\u0119dzynarodowi eksperci i ekspertki, osoby zajmuj\u0105ce si\u0119 zar\u00f3wno praktyk\u0105 rzemie\u015blnicz\u0105, jak i nauk\u0105, badaniami i nowymi technologiami. Jednym z prelegent\u00f3w jest Glen Adamson &#8211; autor publikacji Thinking Through Craft, by\u0142y dyrektor Muzeum Sztuki i Designu w Nowym Jorku i by\u0142y szef dzia\u0142u bada\u0144 w Victoria and Albert Museum w Londynie. O rzemio\u015ble jako formie oporu opowie Sarah Corbett &#8211; dzia\u0142aczka spo\u0142eczna i artystka. W dyskusji na temat nowych technologii i wiedzy uciele\u015bnionej udzia\u0142 we\u017amie dr Aleksandra Przegali\u0144ska.<br \/>\nProgram konferencji konsultuje merytorycznie dr Ewa Klekot. Udzia\u0142 w konferencji potwierdzili tak\u017ce m.in.: dr Karina Marusi\u0144ska, dr Agata Szyd\u0142owska i dr Tomasz Miko\u0142ajczuk.<\/p>\n<p><img loading=\"lazy\" decoding=\"async\" class=\"size-medium wp-image-524 alignright\" src=\"http:\/\/www.szklo-ceramika.online\/wp-content\/uploads\/2020\/11\/zaproszenie-WYTWORCZO_Page_1-300x300.jpg\" alt=\"\" width=\"300\" height=\"300\" srcset=\"https:\/\/www.szklo-ceramika.online\/wp-content\/uploads\/2020\/11\/zaproszenie-WYTWORCZO_Page_1-300x300.jpg 300w, https:\/\/www.szklo-ceramika.online\/wp-content\/uploads\/2020\/11\/zaproszenie-WYTWORCZO_Page_1-1024x1024.jpg 1024w, https:\/\/www.szklo-ceramika.online\/wp-content\/uploads\/2020\/11\/zaproszenie-WYTWORCZO_Page_1-150x150.jpg 150w, https:\/\/www.szklo-ceramika.online\/wp-content\/uploads\/2020\/11\/zaproszenie-WYTWORCZO_Page_1-768x768.jpg 768w, https:\/\/www.szklo-ceramika.online\/wp-content\/uploads\/2020\/11\/zaproszenie-WYTWORCZO_Page_1-1536x1536.jpg 1536w, https:\/\/www.szklo-ceramika.online\/wp-content\/uploads\/2020\/11\/zaproszenie-WYTWORCZO_Page_1-2048x2048.jpg 2048w, https:\/\/www.szklo-ceramika.online\/wp-content\/uploads\/2020\/11\/zaproszenie-WYTWORCZO_Page_1-70x70.jpg 70w, https:\/\/www.szklo-ceramika.online\/wp-content\/uploads\/2020\/11\/zaproszenie-WYTWORCZO_Page_1-1246x1246.jpg 1246w, https:\/\/www.szklo-ceramika.online\/wp-content\/uploads\/2020\/11\/zaproszenie-WYTWORCZO_Page_1-675x675.jpg 675w, https:\/\/www.szklo-ceramika.online\/wp-content\/uploads\/2020\/11\/zaproszenie-WYTWORCZO_Page_1-480x480.jpg 480w\" sizes=\"auto, (max-width: 300px) 100vw, 300px\" \/><\/p>\n<p>Organizatorki wraz z ekspertami, zaproszonymi go\u015b\u0107mi i aktywnym udzia\u0142em publiczno\u015bci poszukaj\u0105 zwi\u0105zk\u00f3w rzemios\u0142a z nowymi obszarami zmian spo\u0142ecznych i kulturowych. Konferencja odb\u0119dzie si\u0119 online. Potrwa cztery dni i ka\u017cdego dnia omawiany b\u0119dzie inny temat przewodni:<\/p>\n<p>1. NOWE RZEMIOS\u0141O &#8211; czym jest, kogo dotyczy, czym si\u0119 charakteryzuje?<\/p>\n<p>2. WARSZTAT &#8211; jaka jest rola miejsca pracy rzemie\u015blnika, czym r\u00f3\u017cni si\u0119 od innych pracowni?<\/p>\n<p>3. NOWE TECHNOLOGIE A MY\u015aLENIE D\u0141ONI\u0104 &#8211; czym jest wiedza uciele\u015bniona i co to znaczy &#8220;mie\u0107 fach w r\u0119ku&#8221;?<\/p>\n<p>4. GENDER W RZEMIO\u015aLE &#8211; czym jest craftivism i czy rzemios\u0142o mo\u017ce by\u0107 form\u0105 oporu?<\/p>\n<p>Podsumowaniem konferencji b\u0119dzie dwuj\u0119zyczna recenzowana publikacja naukowa wydana w wersji papierowej. Publikacj\u0119 b\u0119dzie mo\u017cna pobra\u0107 w wersji elektronicznej. Je\u015bli wi\u0119c wydarzenie Was omin\u0119\u0142o, b\u0119dzie szansa zapozna\u0107 si\u0119 z jego przebiegiem i wynikami.<\/p>\n<p>Wi\u0119cej informacji oraz rejestracji na kolejne dni koferencji mo\u017cecie dokona\u0107 na stronie konferencji:\u00a0<a href=\"https:\/\/www.wytworczo.pl\/\" target=\"_blank\" rel=\"noopener noreferrer\">WYTW\u00d3RCZO\/MAKINGLY<\/a> oraz na Facebooku:\u00a0<a href=\"https:\/\/www.facebook.com\/wytworczo.makingly\" target=\"_blank\" rel=\"noopener noreferrer\">WYTW\u00d3RCZO\/MAKINGLY &#8211; FB<\/a><\/p>\n<div class=\"pntrst_main_before_after\"><\/div><div class=\"fcbkbttn_buttons_block\" id=\"fcbkbttn_left\"><div class=\"fcbkbttn_button\">\n                            <a href=\"https:\/\/www.facebook.com\/szkloiceramika\" target=\"_blank\">\n                                <img decoding=\"async\" src=\"https:\/\/www.szklo-ceramika.online\/wp-content\/plugins\/social-buttons-pack\/facebook-button-plugin\/images\/standard-facebook-ico.png\" alt=\"Fb-Button\" \/>\n                            <\/a>\n                        <\/div><div class=\"fcbkbttn_like \"><fb:like href=\"https:\/\/www.szklo-ceramika.online\/en\/wytworczo-makingly-konferencja-online\/\" action=\"like\" colorscheme=\"light\" layout=\"button_count\"  size=\"small\"><\/fb:like><\/div><div class=\"fb-share-button  \" data-href=\"https:\/\/www.szklo-ceramika.online\/en\/wytworczo-makingly-konferencja-online\/\" data-type=\"button\" data-size=\"small\"><\/div><\/div>","protected":false},"excerpt":{"rendered":"<p>O krok od drugiego lockdownu nie chcemy ponownie zamyka\u0107 si\u0119 i zatrzymywa\u0107 \u017cycia. Dla rzemie\u015blnik\u00f3w i ma\u0142ych przedsi\u0119biorc\u00f3w z wielu&hellip; <\/p>\n","protected":false},"author":4,"featured_media":523,"comment_status":"open","ping_status":"open","sticky":false,"template":"","format":"standard","meta":{"footnotes":""},"categories":[21,29,85,8,2,6],"tags":[9,31,30,115,116,36,18,11,117,111,113,114,10,112,64],"class_list":["post-522","post","type-post","status-publish","format-standard","has-post-thumbnail","hentry","category-ceramika","category-design","category-nauka","category-polska","category-sztuka","category-wydarzenia","tag-aspwr","tag-ceramics","tag-ceramika","tag-conference","tag-craft","tag-design","tag-event","tag-glass","tag-handmade","tag-konferencja","tag-online","tag-rzemioslo","tag-szklo","tag-wydarzenia","tag-wzornictwo"],"_links":{"self":[{"href":"https:\/\/www.szklo-ceramika.online\/en\/wp-json\/wp\/v2\/posts\/522","targetHints":{"allow":["GET"]}}],"collection":[{"href":"https:\/\/www.szklo-ceramika.online\/en\/wp-json\/wp\/v2\/posts"}],"about":[{"href":"https:\/\/www.szklo-ceramika.online\/en\/wp-json\/wp\/v2\/types\/post"}],"author":[{"embeddable":true,"href":"https:\/\/www.szklo-ceramika.online\/en\/wp-json\/wp\/v2\/users\/4"}],"replies":[{"embeddable":true,"href":"https:\/\/www.szklo-ceramika.online\/en\/wp-json\/wp\/v2\/comments?post=522"}],"version-history":[{"count":3,"href":"https:\/\/www.szklo-ceramika.online\/en\/wp-json\/wp\/v2\/posts\/522\/revisions"}],"predecessor-version":[{"id":529,"href":"https:\/\/www.szklo-ceramika.online\/en\/wp-json\/wp\/v2\/posts\/522\/revisions\/529"}],"wp:featuredmedia":[{"embeddable":true,"href":"https:\/\/www.szklo-ceramika.online\/en\/wp-json\/wp\/v2\/media\/523"}],"wp:attachment":[{"href":"https:\/\/www.szklo-ceramika.online\/en\/wp-json\/wp\/v2\/media?parent=522"}],"wp:term":[{"taxonomy":"category","embeddable":true,"href":"https:\/\/www.szklo-ceramika.online\/en\/wp-json\/wp\/v2\/categories?post=522"},{"taxonomy":"post_tag","embeddable":true,"href":"https:\/\/www.szklo-ceramika.online\/en\/wp-json\/wp\/v2\/tags?post=522"}],"curies":[{"name":"wp","href":"https:\/\/api.w.org\/{rel}","templated":true}]}}