{"id":764,"date":"2020-12-21T12:14:12","date_gmt":"2020-12-21T12:14:12","guid":{"rendered":"http:\/\/www.szklo-ceramika.online\/?p=764"},"modified":"2020-12-30T21:22:26","modified_gmt":"2020-12-30T21:22:26","slug":"historia-rodziny-majewskich-hutnikow-szkla","status":"publish","type":"post","link":"https:\/\/www.szklo-ceramika.online\/en\/historia-rodziny-majewskich-hutnikow-szkla\/","title":{"rendered":"Historia rodziny Majewskich \u2013 hutnik\u00f3w szk\u0142a"},"content":{"rendered":"<div class=\"pntrst_main_before_after\"><\/div><p><strong>Hutnictwo szk\u0142a jest jednym z tych historycznych zawod\u00f3w, w kt\u00f3rych budowaniu etosu a cz\u0119sto tak\u017ce wykonywaniu, udzia\u0142 bra\u0142y ca\u0142e rodziny a nawet ca\u0142e pokolenia. Wertuj\u0105c ksi\u0119gi parafialne, bo g\u0142\u00f3wnie z nich czerpie si\u0119 informacje genealogiczne, docieramy do zapis\u00f3w i otwiera si\u0119 przed nami droga, kt\u00f3r\u0105 pod\u0105\u017camy za nestorem lub nestork\u0105 rodu z jednej huty do kolejnej, \u015bledzimy losy ich dzieci, kt\u00f3re urodzi\u0142y si\u0119 w jednej nieistniej\u0105cej ju\u017c wsi, zawar\u0142y ma\u0142\u017ce\u0144stwo w drugiej a zmar\u0142y w jeszcze zupe\u0142nie innej. Nast\u0119pne pokolenie powtarza\u0142o ten cykl, zwykle pozostaj\u0105c wci\u0105\u017c zwi\u0105zanym ze szklarstwem w ten czy inny spos\u00f3b. Ci\u0119\u017cko pracuj\u0105cy, doskonale znaj\u0105cy si\u0119 na swoim fachu, \u015bwietnie zarabiaj\u0105cy, czasem przedwcze\u015bnie umieraj\u0105cy hutnicy.<br \/>\nOto historia jednej z takich rodzin \u2013 rodziny Majewskich.\u00a0 <\/strong><\/p>\n<p><strong>Nestork\u0105 rodu by\u0142a Marianna Majewska<\/strong>, kt\u00f3ra jako wdowa umar\u0142a w Hucie S\u0142awi\u0144skiej w 1792 r. w wieku 60 lat. Wg wszelkiego prawdopodobie\u0144stwa jej zmar\u0142ym m\u0119\u017cem by\u0142 hutnik szk\u0142a. Zaw\u00f3d ten cieszy\u0142 si\u0119 powszechnym szacunkiem, co wida\u0107 w wielu aktach rodzinnych po przymiotniku <em>honestus <\/em>(\u0142ac. uczciwy, godziwy, przyzwoity, porz\u0105dny) oraz wyst\u0119powaniu np. burmistrza czy dziedzica jako chrzestnego. Nasuwa si\u0119 r\u00f3wnie\u017c refleksja, \u017ce bra\u0107 hutnicza tworzy\u0142a solidarny kr\u0105g.<\/p>\n<figure id=\"attachment_778\" style=\"width: 765px\"  class=\"wp-caption aligncenter\"><img loading=\"lazy\" decoding=\"async\" class=\" wp-image-778\" src=\"http:\/\/www.szklo-ceramika.online\/wp-content\/uploads\/2020\/12\/1.-Akt-zgonu-Marianna-Majewska-Honesta-300x91.png\" alt=\"Fot. 1. Akt zgonu, gdzie przy nazwisku Marianny Majewskiej wida\u0107 skr\u00f3t H., czyli honesta. Fragment ksi\u0119gi parafialnej Cerekiew, wie\u015b Huta S\u0142awi\u0144ska.\" width=\"765\" height=\"232\" srcset=\"https:\/\/www.szklo-ceramika.online\/wp-content\/uploads\/2020\/12\/1.-Akt-zgonu-Marianna-Majewska-Honesta-300x91.png 300w, https:\/\/www.szklo-ceramika.online\/wp-content\/uploads\/2020\/12\/1.-Akt-zgonu-Marianna-Majewska-Honesta-768x233.png 768w, https:\/\/www.szklo-ceramika.online\/wp-content\/uploads\/2020\/12\/1.-Akt-zgonu-Marianna-Majewska-Honesta-675x205.png 675w, https:\/\/www.szklo-ceramika.online\/wp-content\/uploads\/2020\/12\/1.-Akt-zgonu-Marianna-Majewska-Honesta-480x145.png 480w, https:\/\/www.szklo-ceramika.online\/wp-content\/uploads\/2020\/12\/1.-Akt-zgonu-Marianna-Majewska-Honesta.png 993w\" sizes=\"auto, (max-width: 765px) 100vw, 765px\" \/><figcaption class=\"wp-caption-text\">Fot. 1. Akt zgonu, gdzie przy nazwisku Marianny Majewskiej wida\u0107 skr\u00f3t H., czyli <em>honesta<\/em>. Fragment ksi\u0119gi parafialnej Cerekiew, wie\u015b Huta S\u0142awi\u0144ska.<\/figcaption><\/figure>\n<p>Pod\u0105\u017canie za nazwiskiem Marianny doprowadzi\u0142o nas do Stanis\u0142awa Majewskiego, Andrzeja Majewskiego i J\u00f3zefa Majewskiego, kt\u00f3rzy z pewno\u015bci\u0105 byli jej synami i parali si\u0119 hutnictwem szk\u0142a, oraz c\u00f3rki \u2013 Magdaleny, r\u00f3wnie\u017c zam\u0119\u017cnej z hutnikiem.<\/p>\n<p><strong>Andrzej<\/strong> <strong>Majewski<\/strong> urodzi\u0142 si\u0119 ok. 1767 r. 4 sierpnia 1788 r. o\u017ceniony z Ann\u0105 Grzego\u0142owsk\u0105, urodzona ok. 1768 r. \u015alub odby\u0142 si\u0119 w parafii Cerekiew we wsi Huta S\u0142awi\u0144ska. Anna by\u0142a luterank\u0105. Mieli siedmioro dzieci, kt\u00f3re rodzi\u0142y si\u0119 kolejno w Hucie S\u0142awi\u0144skiej, parafia Cerekiew, w Hucie Chodnowskiej i pozosta\u0142e (od 1804 r.) w Hucie Wr\u0119ckiej. W aktach ojciec jest okre\u015blany jako <em>honestus zamieszka\u0142y w hucie<\/em>, st\u0105d domniemywa\u0107 mo\u017cna, \u017ce by\u0142 hutnikiem, cho\u0107 nie jest to zapisane dos\u0142ownie.<\/p>\n<p>Dzie\u0107mi Andrzeja i Anny byli:<\/p>\n<ul>\n<li>Antoni, urodzony w 1790 r., hutnik szk\u0142a, kt\u00f3ry o\u017ceni\u0142 si\u0119 w 1812 r. z Ludwik\u0105 Lankamer, pochodz\u0105c\u0105 r\u00f3wnie\u017c z rodziny hutniczej. Zwi\u0105zek zawarli w parafii Osuch\u00f3w w Hucie Piekarskiej. Ojciec Ludwiki pracowa\u0142 w Hucie Bardzi\u0144skiej. Antoni, jak cz\u0119sto si\u0119 to zdarza\u0142o z powodu stosunkowo kr\u00f3tkich okres\u00f3w pracy niekt\u00f3rych hut, pracowa\u0142 w hutach: Piekarskiej, Rogi, Ostrownickiej, Ksawerynowskiej, Aleksandrowskiej, Miastkowskiej, Bedo\u0144skiej, Jarczewskiej, Augustowskiej i \u017belechowskiej. Antoni i Ludwika mieli dziesi\u0119cioro dzieci urodzonych w latach 1813-1837.<\/li>\n<\/ul>\n<p>Syn Antoniego, Hieronim, urodzony 8 wrze\u015bnia 1815 r. w \u0141odzi, w parafii NMP w Hucie Rogi, przej\u0105\u0142 zaw\u00f3d po ojcu. Pracowa\u0142 w hutach: Ostrownickiej, Ksaweryn\u00f3w, Zaborze, Aleksandrowskiej i Miastkowskiej. Ten przewijaj\u0105cy si\u0119 w aktach bliskiej rodziny Hieronim, 15 maja 1836 r. o\u017ceni\u0142 si\u0119 z Ann\u0105 Osowsk\u0105, a ich \u015blub odby\u0142 si\u0119 w parafii Radory\u017c we wsi August\u00f3w. Hieronim i Anna mieli pi\u0119cioro dzieci urodzonych w pomi\u0119dzy rokiem 1838 a1850. Anna zmar\u0142a 25 grudnia 1853 r. i zosta\u0142a pochowana w parafii Jakub\u00f3w w Hucie Szczytnik. Tak\u017ce tam spocz\u0105\u0142 Hieronim zmar\u0142y 10 sierpnia 1856 r.<\/p>\n<p>Kiedy i gdzie zmar\u0142 ojciec rodziny, Antoni, nie wiadomo. Ludwika zmar\u0142a 15 marca 1857 r. w parafii Koss\u00f3w ko\u0142o W\u0142oszczowej w Hucie Kossowskiej i w ksi\u0119gach opisana jest jako wyrobnica.<\/p>\n<ul>\n<li>Marianna (urodzona w 1797 r.) 18 lutego 1821 r. wysz\u0142a za m\u0105\u017c za J\u00f3zefa Badowskiego. \u015alub mia\u0142 miejsce w Hucie Gzdowskiej w parafii Mszczon\u00f3w. J\u00f3zef by\u0142 karczmarzem, ale obraca\u0142 si\u0119 w kr\u0119gu hutnik\u00f3w, kt\u00f3rzy wyst\u0119puj\u0105 w aktach chrzt\u00f3w jego dzieci. Mieli tr\u00f3jk\u0119 dzieci. J\u00f3zef zmar\u0142 10 lutego 1827 r. a prawie rok p\u00f3\u017aniej (4 lutego 1828 r.) Marianna po\u015blubi\u0142a Antoniego Hajera, hutnika z Huty Gzdowskiej. O ich dalszych losach nic nie wiadomo.<\/li>\n<li>Franciszka, urodzona w 1799 r. Jej losy pozostaj\u0105 nieznane.<\/li>\n<li>Adam, urodzony w 1804 r. w Hucie Wr\u0119ckiej, hutnik szk\u0142a. Pracowa\u0142 w hutach: Gzdowskiej i Wa\u0142owskiej, Lutkowskiej. 14 listopada 1824 r. o\u017ceni\u0142 si\u0119 w Budach Bolimowskich w parafii Bolim\u00f3w z Joann\u0105 Franciszk\u0105 Strzelczyk, z kt\u00f3r\u0105 mia\u0142 sze\u015bcioro dzieci. Joanna zmar\u0142a 9 wrze\u015bnia 1837 r. w Hucie Wa\u0142owskiej w parafii Mszczon\u00f3w. Miesi\u0105c p\u00f3\u017aniej (15 pa\u017adziernika 1837 r.) Adam po\u015blubi\u0142 w Hucie Wa\u0142owskiej w parafii Rawa Mazowiecka wdow\u0119, Konstancj\u0119 Fali\u0144sk\u0105 (1v. J\u00f3zefow\u0105 Rzepeck\u0105), z kt\u00f3r\u0105 mia\u0142 syna, i kt\u00f3ra zmar\u0142a 10 wrze\u015bnia 1842 r. w Hucie Lutkowskiej w parafia Lutk\u00f3w. Trzecie ma\u0142\u017ce\u0144stwo zawar\u0142 5 lutego 1843 r. z Ew\u0105 Grabowsk\u0105 (1v. Szyier). Dalszych jego los\u00f3w nie uda\u0142o si\u0119 ustali\u0107.<\/li>\n<li>Ewa, urodzona w 1807 r. Jej m\u0119\u017cem by\u0142 Leopold Antoni Micha\u0142 Stanis\u0142aw de Verny d&#8217;Abbeville, wicehrabia (15.05.1783 \u2013 23.10.1852), kt\u00f3ry wcze\u015bniej rozwi\u00f3d\u0142 si\u0119 z Mariann\u0105 Miku\u0142owsk\u0105 zmar\u0142\u0105 wkr\u00f3tce po tym.. \u015alub z Ew\u0105 odby\u0142 si\u0119 15 sierpnia 1832 r. w Psarach w parafii Jeruzal. W akcie \u015blubu Leopold uzna\u0142 ich wszystkie przed\u015blubne dzieci, kt\u00f3rych w sumie mieli dziesi\u0119cioro. Leopold by\u0142 r\u00f3wnie\u017c dziedzicem wsi Psary i Gd\u00f3w, gdzie lokowana by\u0142a zarz\u0105dzana przez niego huta. Od 1829 r. by\u0142 arendarzem maj\u0105tku Wa\u0142owice, kt\u00f3ry wydzier\u017cawi\u0142 od Jana Rzeszotarskiego. Przypisuje mu si\u0119 ulokowanie tu huty, poniewa\u017c data jej powstania pokrywa si\u0119 z okresem, kiedy ni\u0105 zarz\u0105dza\u0142. Kiedy i gdzie zmar\u0142a Ewa, nie wiadomo. Leopold zmar\u0142 we wsi Osieczek w parafii Jeruzal jako dzier\u017cawca tej\u017ce wsi.<\/li>\n<li>Joanna, urodzona w 1814 r. 21 czerwca 1830 r. w Hucie Gzdowskiej w parafii Mszczon\u00f3w po\u015blubi\u0142a m\u0142ynarza, Jana Rutkowskiego. Jan zmar\u0142 w 1835 r. za\u015b wdowa po 5 latach (w 1840 r.) po\u015blubi\u0142a Kacpra Rutkowskiego, stolarza w Hucie Wa\u0142owskiej. Jej dalsze losy s\u0105 nieznane.<\/li>\n<li>Piotr J\u00f3zef, urodzony w 1816 r., hutnik szk\u0142a. 27 stycznia 1838 r. po\u015blubi\u0142 w Hucie Wa\u0142owskiej w parafii Rawa Mazowiecka, Salome\u0119 Kalinowsk\u0105. Mieli dwana\u015bcioro dzieci, kt\u00f3re rodzi\u0142y si\u0119 w latach 1838\u20121863. Piotr pracowa\u0142 w hutach: Moczydli\u0144skiej, Radochowskiej, Miastkowskiej, \u017bakowskiej i Szczytnik. Dalsze jego losy s\u0105 nieznane.<\/li>\n<\/ul>\n<p>Andrzej, ojciec rodziny, zmar\u0142 6 sycznia 1823 r. i zosta\u0142 pochowany w parafii Mszczon\u00f3w w Hucie Gzdowskiej. Anna prze\u017cy\u0142a m\u0119\u017ca o 10 lat, zmar\u0142a 26 sierpnia1833 w parafii Rawa Mazowiecka w Hucie Wa\u0142owskiej.<\/p>\n<p><strong>J\u00f3zef Majewski<\/strong> urodzony ok. 1761 r. Za \u017con\u0119 poj\u0105\u0142 Zofia Grzyb, urodzon\u0105 ok. 1771 r. W 1814 r. J\u00f3zef by\u0142 majstrem w Hucie Skaryszewskiej. Mieli z Zofi\u0105 troje dzieci: Konstancj\u0119 (ur. w 1798 r.), Mariann\u0119 (ur. w 1805 r.) i Stanis\u0142awa (ur. w 1814 r.), z kt\u00f3rych tylko losy Marianny uda\u0142o si\u0119 ustali\u0107. Marianna wysz\u0142a za Adama Grabowskiego i mieli dziewi\u0119cioro dzieci. Adam by\u0142 kolejno hutnikiem, wyrobnikiem, fabrykantem, kolonist\u0105 i gospodarzem (tyle zawod\u00f3w zosta\u0142o mu wpisanych w r\u00f3\u017cnych aktach). Pracowa\u0142 w hutach: Kr\u0119pskiej, Leonin, Opolskiej, Bor\u00f3w. Marianna zmar\u0142a 26 lutego 1857 r. w Zawadowie w parafii Puchacz\u00f3w jako wdowa.<\/p>\n<p>Kiedy i gdzie zmar\u0142 J\u00f3zef nie wiadomo. Zofia zmar\u0142a 25 maja 1835 r. w Hucie Opolskiej w parafii Opole Lubelskie b\u0119d\u0105c ju\u017c wdow\u0105.<\/p>\n<p><strong>Magdalena Majewska<\/strong> urodzi\u0142a si\u0119 ok. 1760 r. Jej m\u0105\u017c Micha\u0142 Bekier by\u0142 hutnikiem i pracowa\u0142 w hutach: Wr\u0119ckiej, My\u015blirzewskiej i Tr\u0119baczewskiej, Chodnowskiej i Stanis\u0142awowskiej. Mieli dziewi\u0119cioro dzieci, kt\u00f3re urodzonych mi\u0119dzy 1800 a 1821 rokiem.<\/p>\n<ul>\n<li>Agnieszka, urodzona w 1800 r. Wysz\u0142a za m\u0105\u017c w Hucie Wr\u0119ckiej w parafii Mszczon\u00f3w za Wojciecha Walentowicza. Mieli dw\u00f3jk\u0119 dzieci. Wojciech zmar\u0142 w 1836 r. a Agnieszka w 1847 r.<\/li>\n<li>Piotr, urodzony w 1802 r., po\u015blubi\u0142 Nepomucen\u0119 Rutkowsk\u0105, z kt\u00f3r\u0105 mia\u0142 o\u015bmioro dzieci. Piotr by\u0142 hutnikiem w Ostrownicy, nast\u0119pnie pomocnikiem w Hucie Bor\u00f3w, potem tam\u017ce kolonist\u0105 i gospodarzem. Piotr zmar\u0142 w 1864 r. w Trzci\u0144cu, Nepomucena zmar\u0142a tam\u017ce w 1878 r.<\/li>\n<li>Teresa, urodzona w 1807 r. i zmar\u0142a w 1808 r.<\/li>\n<li>Bogumi\u0142 Teofil, urodzony w 1809 r. i zmar\u0142 w 1810 r.<\/li>\n<li>Franciszek, urodzony w 1811 r., prawdopodobnie zmar\u0142 w dzieci\u0144stwie<\/li>\n<li>Andrzej urodzony w 1813 r., po\u015blubi\u0142 w 1840 r. w Hucie Wron\u00f3w parafia Chodel, Agnieszk\u0119 Niewczas.<\/li>\n<li>Jakub urodzony w 1816 r., zmar\u0142 w 1830 r.<\/li>\n<li>Frydrych urodzony w 1821 r., prawdopodobnie zmar\u0142 w dzieci\u0144stwie<\/li>\n<li>Julianna urodzona w 1821 r., zmar\u0142a w 1824 r.<\/li>\n<\/ul>\n<p>Magdalena zmar\u0142a 11 marca 1835 r. w Hucie My\u015bliszewskiej w parafii \u015aw. Jana w Radomiu jako wdowa. O dalszych losach Micha\u0142a nic nie wiadomo, \u015blad po nim urywa si\u0119 w Hucie Stanis\u0142awowskiej.<\/p>\n<p><strong>Stanis\u0142aw Majewski i Katarzyna z Jasie\u0144skich<br \/>\n<\/strong>Nie uda\u0142o si\u0119 odnale\u017a\u0107 ich aktu \u015blubu. Pocz\u0105tkowo rodzina ta \u017cy\u0142a w parafii Cerekiew we wsi S\u0142awno i tu rodzi\u0142y si\u0119 ich dzieci:<\/p>\n<ul>\n<li>Stanis\u0142aw, urodzony w 1794 r. (wg odpisu aktu urodzenia z alegaty),<\/li>\n<li>Benedykt, urodzony w 1796 r. (wg odpisu aktu urodzenia z alegaty),<\/li>\n<li>Leon Jan, urodzony w 1798 r. (p\u00f3\u017aniej u\u017cywano tylko jego drugiego imienia, Jan),<\/li>\n<li>Antoni Marceli, urodzony w 1800 r., prawdopodobnie zmar\u0142 w dzieci\u0144stwie,<\/li>\n<li>Micha\u0142, urodzony w 1802 r.,<\/li>\n<li>Piotr Feliks, urodzony w 1805 r., zmar\u0142 w 1807 r. w Dzierzk\u00f3wku w parafii Skaryszew,<\/li>\n<li>Marcin, kt\u00f3ry urodzi\u0142 si\u0119 w 1807 r. w Hucie Skaryszewskiej (wg odpisu aktu chrztu z alegaty).<\/li>\n<\/ul>\n<p>W parafii Cerekiew w akcie urodzenia syna Micha\u0142a, w rubryce dotycz\u0105cej profesji ojca wpisano <em>Vitrifictor,<\/em> czyli hutnik szklany. W innych aktach wyst\u0119puje tak\u017ce jako mieszkaniec wsi najpierw w Hucie S\u0142awi\u0144skiej, potem w Skaryszewskiej. Ojciec rodziny, Stanis\u0142aw Majewski, zmar\u0142 w Dzierzk\u00f3wku w parafii Skaryszew w 1808 r. i w ksi\u0119gach opisany jest jako mieszkaniec wsi bez podania zawodu.<\/p>\n<figure id=\"attachment_781\" style=\"width: 994px\"  class=\"wp-caption aligncenter\"><img loading=\"lazy\" decoding=\"async\" class=\" wp-image-781\" src=\"http:\/\/www.szklo-ceramika.online\/wp-content\/uploads\/2020\/12\/Fot.-3a.-Akt-urodzenia-Michala-syna-Stanislawa-i-Katarzyny-parafia-Cerekiew-300x61.png\" alt=\"Fot. 2. Akt urodzenia Micha\u0142a, syna Staniws\u0142awa Majewskiego i Katarzyny z Jasie\u0144skich, pafaria Cerekiew, 1802 r.j,\" width=\"994\" height=\"202\" srcset=\"https:\/\/www.szklo-ceramika.online\/wp-content\/uploads\/2020\/12\/Fot.-3a.-Akt-urodzenia-Michala-syna-Stanislawa-i-Katarzyny-parafia-Cerekiew-300x61.png 300w, https:\/\/www.szklo-ceramika.online\/wp-content\/uploads\/2020\/12\/Fot.-3a.-Akt-urodzenia-Michala-syna-Stanislawa-i-Katarzyny-parafia-Cerekiew-1024x207.png 1024w, https:\/\/www.szklo-ceramika.online\/wp-content\/uploads\/2020\/12\/Fot.-3a.-Akt-urodzenia-Michala-syna-Stanislawa-i-Katarzyny-parafia-Cerekiew-768x155.png 768w, https:\/\/www.szklo-ceramika.online\/wp-content\/uploads\/2020\/12\/Fot.-3a.-Akt-urodzenia-Michala-syna-Stanislawa-i-Katarzyny-parafia-Cerekiew-1536x310.png 1536w, https:\/\/www.szklo-ceramika.online\/wp-content\/uploads\/2020\/12\/Fot.-3a.-Akt-urodzenia-Michala-syna-Stanislawa-i-Katarzyny-parafia-Cerekiew-1246x252.png 1246w, https:\/\/www.szklo-ceramika.online\/wp-content\/uploads\/2020\/12\/Fot.-3a.-Akt-urodzenia-Michala-syna-Stanislawa-i-Katarzyny-parafia-Cerekiew-675x136.png 675w, https:\/\/www.szklo-ceramika.online\/wp-content\/uploads\/2020\/12\/Fot.-3a.-Akt-urodzenia-Michala-syna-Stanislawa-i-Katarzyny-parafia-Cerekiew-480x97.png 480w, https:\/\/www.szklo-ceramika.online\/wp-content\/uploads\/2020\/12\/Fot.-3a.-Akt-urodzenia-Michala-syna-Stanislawa-i-Katarzyny-parafia-Cerekiew.png 1544w\" sizes=\"auto, (max-width: 994px) 100vw, 994px\" \/><figcaption class=\"wp-caption-text\">Fot. 2. Akt urodzenia Micha\u0142a, syna Stanis\u0142awa Majewskiego i Katarzyny z Jasie\u0144skich, parafia Cerekiew, 1802 r.<\/figcaption><\/figure>\n<p>Jego \u017cona, Katarzyna z Jasie\u0144skich, zmar\u0142a 9 listopada 1847 r. w Budach Paciorkowskich w parafii Zwole\u0144 jako wdowa.<\/p>\n<p>Po wyprowadzce z Cerekwi Majewscy byli najpierw zwi\u0105zani z miejscowo\u015bci\u0105 Kr\u0119pa Ko\u015bcielna, gdzie by\u0142a huta szk\u0142a, w kt\u00f3rej pracowali, a nast\u0119pnie, mniej wi\u0119cej od 1830 r., byli zwi\u0105zani z miejscowo\u015bci\u0105 Ostrownica ko\u0142o Kazanowa \u2013 tam r\u00f3wnie\u017c dzia\u0142a\u0142a huta szk\u0142a. Dalsze losy Jana i Benedykta zwi\u0105zane s\u0105 z lubelszczyzn\u0105, gdzie r\u00f3wnie\u017c pracowali jako hutnicy szk\u0142a do\u0142\u0105czaj\u0105c do Marcina, kt\u00f3ry przeni\u00f3s\u0142 si\u0119 tam jeszcze jako kawaler.<\/p>\n<p>Na internetowej stronie gminy Kazan\u00f3w widnieje informacja, \u017ce: <strong><em>\u201e<\/em><\/strong><em>1829 r. <\/em><em>\u2013 wybudowano i uruchomiono hut\u0119 szk\u0142a, jej w\u0142a\u015bcicielem by\u0142 Leopold Kochanowski \u2013 nowy w\u0142a\u015bciciel Kazanowa i dziedzic. Pracowa\u0142o w niej og\u00f3\u0142em 112 os\u00f3b. Huta zlikwidowana zosta\u0142a w roku 1894.\u201d<\/em><\/p>\n<p><strong>Synowie Stanis\u0142awa i Katarzyny Jasie\u0144skiej:<\/strong><\/p>\n<p>Historie Stanis\u0142awa, Benedykta, Jana, Micha\u0142a i Marcina s\u0105 mniej lub bardziej znane. W przypadku Micha\u0142a i Marcina ich losy s\u0105 ca\u0142kowicie udokumentowane. Inni znikaj\u0105 z ksi\u0105g zwykle po urodzeniu si\u0119 dzieci. Benedykt by\u0142 majstrem wielu hut szk\u0142a, Marcin za\u015b majstrem tafelnikiem, a Jan i Micha\u0142 \u2012 hutnikami szk\u0142a. Stanis\u0142aw by\u0142 kr\u00f3tko hutnikiem, p\u00f3\u017aniej rolnikiem, a od 1834 r. Micha\u0142 by\u0142 r\u00f3wnie\u017c okre\u015blany jako rolnik. Wszyscy opr\u00f3cz Marcina urodzonego w Hucie Skaryszewskiej, urodzili si\u0119 w Hucie S\u0142awie\u0144skiej.<\/p>\n<p><u>Stanis\u0142aw<\/u> po\u015blubi\u0142 w 1826 r. w Kr\u0119pie Ko\u015bcielnej, pochodz\u0105c\u0105 z hutniczej rodziny z Huty Kr\u0119pskiej Ludwik\u0119 Pachowsk\u0105, c\u00f3rk\u0119 Franciszka i Petroneli z Kaczorowskich. Mia\u0142 z ni\u0105 jedena\u015bcioro dzieci urodzonych w latach 1827\u20121852. W akcie \u015blubu Stanis\u0142aw zapisany jest jako hutnik.<\/p>\n<figure id=\"attachment_784\" style=\"width: 728px\"  class=\"wp-caption aligncenter\"><img loading=\"lazy\" decoding=\"async\" class=\" wp-image-784\" src=\"http:\/\/www.szklo-ceramika.online\/wp-content\/uploads\/2020\/12\/Inked2.-Akt-slubu-Stanislaw-Majewski_LI-small-300x166.jpg\" alt=\"3. Akt \u015blubu Stanis\u0142aw Majewski\" width=\"728\" height=\"403\" srcset=\"https:\/\/www.szklo-ceramika.online\/wp-content\/uploads\/2020\/12\/Inked2.-Akt-slubu-Stanislaw-Majewski_LI-small-300x166.jpg 300w, https:\/\/www.szklo-ceramika.online\/wp-content\/uploads\/2020\/12\/Inked2.-Akt-slubu-Stanislaw-Majewski_LI-small-1024x567.jpg 1024w, https:\/\/www.szklo-ceramika.online\/wp-content\/uploads\/2020\/12\/Inked2.-Akt-slubu-Stanislaw-Majewski_LI-small-768x425.jpg 768w, https:\/\/www.szklo-ceramika.online\/wp-content\/uploads\/2020\/12\/Inked2.-Akt-slubu-Stanislaw-Majewski_LI-small-1246x690.jpg 1246w, https:\/\/www.szklo-ceramika.online\/wp-content\/uploads\/2020\/12\/Inked2.-Akt-slubu-Stanislaw-Majewski_LI-small-675x374.jpg 675w, https:\/\/www.szklo-ceramika.online\/wp-content\/uploads\/2020\/12\/Inked2.-Akt-slubu-Stanislaw-Majewski_LI-small-480x266.jpg 480w, https:\/\/www.szklo-ceramika.online\/wp-content\/uploads\/2020\/12\/Inked2.-Akt-slubu-Stanislaw-Majewski_LI-small.jpg 1383w\" sizes=\"auto, (max-width: 728px) 100vw, 728px\" \/><figcaption class=\"wp-caption-text\">Fot. 3. Akt \u015blubu Stanis\u0142awa Majewskiego i Ludwiki Pachowskiej z 6 lutego 1826 r. Fragment ksi\u0119gi parafialnej Kr\u0119pa Ko\u015bcielna wie\u015b Huta Kr\u0119pska.<\/figcaption><\/figure>\n<p>Dzieci rodzi\u0142y si\u0119 na zmian\u0119 w parafii Kazan\u00f3w i w parafii Kr\u0119pa Ko\u015bcielna, przy czym w jednym z akt\u00f3w urodzenia dziecka z 3 wrze\u015bnia 1833 r. ojciec okre\u015blony zosta\u0142 hutnikiem w Ostrownicy:<\/p>\n<figure id=\"attachment_777\" style=\"width: 927px\"  class=\"wp-caption aligncenter\"><img loading=\"lazy\" decoding=\"async\" class=\" wp-image-777\" src=\"http:\/\/www.szklo-ceramika.online\/wp-content\/uploads\/2020\/12\/Inked3.-Ostrownica_LI-300x99.jpg\" alt=\"Fot. 4. Akt ur. syna Stanis\u0142awa juniora rodzice Stanis\u0142aw i Ludwika 3 wrze\u015bnia 1833 (b\u0119dzie jednolicie \u2013 wsz\u0119dzie opis).\" width=\"927\" height=\"306\" srcset=\"https:\/\/www.szklo-ceramika.online\/wp-content\/uploads\/2020\/12\/Inked3.-Ostrownica_LI-300x99.jpg 300w, https:\/\/www.szklo-ceramika.online\/wp-content\/uploads\/2020\/12\/Inked3.-Ostrownica_LI-1024x339.jpg 1024w, https:\/\/www.szklo-ceramika.online\/wp-content\/uploads\/2020\/12\/Inked3.-Ostrownica_LI-768x254.jpg 768w, https:\/\/www.szklo-ceramika.online\/wp-content\/uploads\/2020\/12\/Inked3.-Ostrownica_LI-1246x412.jpg 1246w, https:\/\/www.szklo-ceramika.online\/wp-content\/uploads\/2020\/12\/Inked3.-Ostrownica_LI-675x223.jpg 675w, https:\/\/www.szklo-ceramika.online\/wp-content\/uploads\/2020\/12\/Inked3.-Ostrownica_LI-480x159.jpg 480w, https:\/\/www.szklo-ceramika.online\/wp-content\/uploads\/2020\/12\/Inked3.-Ostrownica_LI.jpg 1384w\" sizes=\"auto, (max-width: 927px) 100vw, 927px\" \/><figcaption class=\"wp-caption-text\">Fot. 4. Fragment ksi\u0119gi parafialnej Kazan\u00f3w, akt urodzenia syna Stanis\u0142awa i Ludwiki, Stanis\u0142awa juniora, 3 wrze\u015bnia 1833 r.<\/figcaption><\/figure>\n<p>W pozosta\u0142ych aktach urodze\u0144 dzieci nie podano zawodu ojca lub podano, \u017ce jest rolnikiem. Ostatnia wzmianka o nim to chrzest c\u00f3rki w Rafa\u0142owie parafia Kr\u0119pska w 1852 r.<\/p>\n<p><u>Benedykt<\/u> o\u017ceni\u0142 si\u0119 w 1818 r. w Kr\u0119pie Ko\u015bcielnej z Mariann\u0105 Ekalt\u00f3wn\u0105 (w akcie Jeklow\u0105), siostr\u0105 Wac\u0142awa Ekalta, szlachcica, dzier\u017cawcy wielu hut szk\u0142a, u kt\u00f3rego pracowa\u0142 Benedykt i jego bracia. Marianna urodzi\u0142a jedena\u015bcioro dzieci (1819\u20121844).<\/p>\n<figure id=\"attachment_776\" style=\"width: 807px\"  class=\"wp-caption aligncenter\"><img loading=\"lazy\" decoding=\"async\" class=\" wp-image-776\" src=\"http:\/\/www.szklo-ceramika.online\/wp-content\/uploads\/2020\/12\/Inked4.-Akt-slubu-Benedykt-Majewski-300x112.jpg\" alt=\"Fot. 5. Fragment aktu \u015blubu Benedykta Majewskiego i Marianny Elakt\u00f3wny (Jeklowa) z 20 pa\u017adziernika 1818 r. Fragment ksi\u0119gi parafialnej Kr\u0119pa Ko\u015bcielna.\" width=\"807\" height=\"301\" srcset=\"https:\/\/www.szklo-ceramika.online\/wp-content\/uploads\/2020\/12\/Inked4.-Akt-slubu-Benedykt-Majewski-300x112.jpg 300w, https:\/\/www.szklo-ceramika.online\/wp-content\/uploads\/2020\/12\/Inked4.-Akt-slubu-Benedykt-Majewski-1024x383.jpg 1024w, https:\/\/www.szklo-ceramika.online\/wp-content\/uploads\/2020\/12\/Inked4.-Akt-slubu-Benedykt-Majewski-768x287.jpg 768w, https:\/\/www.szklo-ceramika.online\/wp-content\/uploads\/2020\/12\/Inked4.-Akt-slubu-Benedykt-Majewski-1246x466.jpg 1246w, https:\/\/www.szklo-ceramika.online\/wp-content\/uploads\/2020\/12\/Inked4.-Akt-slubu-Benedykt-Majewski-675x252.jpg 675w, https:\/\/www.szklo-ceramika.online\/wp-content\/uploads\/2020\/12\/Inked4.-Akt-slubu-Benedykt-Majewski-480x179.jpg 480w, https:\/\/www.szklo-ceramika.online\/wp-content\/uploads\/2020\/12\/Inked4.-Akt-slubu-Benedykt-Majewski.jpg 1386w\" sizes=\"auto, (max-width: 807px) 100vw, 807px\" \/><figcaption class=\"wp-caption-text\">Fot. 5. Fragment aktu \u015blubu Benedykta Majewskiego i Marianny Elakt\u00f3wny (Jeklowa) z 20 pa\u017adziernika 1818 r. Fragment ksi\u0119gi parafialnej Kr\u0119pa Ko\u015bcielna.<\/figcaption><\/figure>\n<p>Benedykt i Marcin chyba jako pierwsi z braci zostali hutnikami szk\u0142a, a inni poszli w ich \u015blady.<\/p>\n<p>Benedykt pracowa\u0142 w wielu hutach szk\u0142a jako majster. Pracowa\u0142 g\u0142\u00f3wnie u Wac\u0142awa Ekalta, co mo\u017ce oznacza\u0107, \u017ce stosunki rodzinne by\u0142y silne i dobre, za\u015b jako majster odznacza\u0142 si\u0119 bardzo dobrymi umiej\u0119tno\u015bciami i do\u015bwiadczeniem:<\/p>\n<ul>\n<li>w 1814 r. w Hucie Skaryszewskiej,<\/li>\n<li>w 1817 w Hucie Dobrzy\u0144 parafia Krzy\u017canowice,<\/li>\n<li>w 1819 w Hucie Szklanej w parafii Ocies\u0119ki, po\u0142o\u017conej w wojew\u00f3dztwie \u015bwi\u0119tokrzyskim, w powiecie kieleckim,<\/li>\n<li>w Hucie Wierzchowskiej ok. 1822 i 1823 r.,<\/li>\n<li>w Kr\u0119pie Ko\u015bcielnej, w Hucie Kr\u0119pskiej ok. 1823 do 1830 r.,<\/li>\n<li>w Hucie Leonin w Lubelskiem w 1827 r.,<\/li>\n<li>w Hucie Ostrownickiej w parafii Kazan\u00f3w (byli z \u017con\u0105 jej w\u0142a\u015bcicielami) ok. 1833 do 1841 r.,<\/li>\n<li>w Hucie Szklanej, (wg Wikipedii) po\u0142o\u017conej w wojew\u00f3dztwie \u015bwi\u0119tokrzyskim, w powiecie kieleckim, w gminie Bieliny, nad rzek\u0105 Belniank\u0105. W 1827 r. nale\u017ca\u0142a do powiatu opatowskiego i parafii Nowa S\u0142upia,<\/li>\n<li>w Hucie Wronowskiej w parafii Opole Lubelskie,<\/li>\n<li>w Hucie Szklanej w Pierzchnicy (dawniej Huta Sczeczy\u0144ska) \u2013 przysi\u00f3\u0142ek wsi Holendry po\u0142o\u017cony w wojew\u00f3dztwie \u015bwi\u0119tokrzyskim, w powiecie kieleckim.<\/li>\n<\/ul>\n<p>W 1827 r. Benedykt mieszka\u0142 i pracowa\u0142 w Leoninie w Lubelskiem \u2013 akt 160 \u2013 zg\u0142asza \u015bmier\u0107 dziecka, Antoniego Elkata, syna Wac\u0142awa i Marjanny Ekalt\u00f3w<\/p>\n<figure id=\"attachment_775\" style=\"width: 826px\"  class=\"wp-caption aligncenter\"><img loading=\"lazy\" decoding=\"async\" class=\" wp-image-775\" src=\"http:\/\/www.szklo-ceramika.online\/wp-content\/uploads\/2020\/12\/Inked5.-Akt-zgloszenia-smierci-dziecka-300x165.png\" alt=\"Fot. 6. Fragment aktu nr 160 z Leonina, zawieraj\u0105cy zg\u0142oszenie \u015bmierci dziecka ma\u0142\u017ce\u0144stwa Elkat\u00f3w, dokonane przez Benedykta Majewskiego. Fragment ksi\u0119gi parafialnej Opole Lubelskie, wie\u015b Leonin.\" width=\"826\" height=\"454\" srcset=\"https:\/\/www.szklo-ceramika.online\/wp-content\/uploads\/2020\/12\/Inked5.-Akt-zgloszenia-smierci-dziecka-300x165.png 300w, https:\/\/www.szklo-ceramika.online\/wp-content\/uploads\/2020\/12\/Inked5.-Akt-zgloszenia-smierci-dziecka-1024x564.png 1024w, https:\/\/www.szklo-ceramika.online\/wp-content\/uploads\/2020\/12\/Inked5.-Akt-zgloszenia-smierci-dziecka-768x423.png 768w, https:\/\/www.szklo-ceramika.online\/wp-content\/uploads\/2020\/12\/Inked5.-Akt-zgloszenia-smierci-dziecka-1246x687.png 1246w, https:\/\/www.szklo-ceramika.online\/wp-content\/uploads\/2020\/12\/Inked5.-Akt-zgloszenia-smierci-dziecka-675x372.png 675w, https:\/\/www.szklo-ceramika.online\/wp-content\/uploads\/2020\/12\/Inked5.-Akt-zgloszenia-smierci-dziecka-480x265.png 480w, https:\/\/www.szklo-ceramika.online\/wp-content\/uploads\/2020\/12\/Inked5.-Akt-zgloszenia-smierci-dziecka.png 1341w\" sizes=\"auto, (max-width: 826px) 100vw, 826px\" \/><figcaption class=\"wp-caption-text\">Fot. 6. Fragment aktu nr 160 z Leonina, zawieraj\u0105cy zg\u0142oszenie \u015bmierci dziecka ma\u0142\u017ce\u0144stwa Elkat\u00f3w, dokonane przez Benedykta Majewskiego. Fragment ksi\u0119gi parafialnej Opole Lubelskie, wie\u015b Leonin.<\/figcaption><\/figure>\n<p>Benedykt i Marianna mieli trzyna\u015bcioro dzieci urodzonych w latach 1819\u20121844. Troje z nich zmar\u0142o w dzieci\u0144stwie. Dok\u0142adniej uda\u0142o si\u0119 pozna\u0107 jedynie losy: Aleksandra, Wincentego i Zofii. Aleksander mia\u0142 dwie \u017cony \u2013 Natali\u0119 Ginter (troje dzieci) i Paulin\u0119 Szcz\u0119sn\u0105. Pracowa\u0142 jako urz\u0119dnik w Kra\u015bniku, a potem w Pu\u0142ankowicach. Wincenty o\u017ceni\u0142 si\u0119 z Teofil\u0105 Oszust i by\u0142 le\u015bniczym generalnym las\u00f3w zaklikowskich. Za\u015b Zofia wysz\u0142a za m\u0105\u017c za Stanis\u0142awa Ko\u015bci\u0144skiego, ekonoma. Benedykt zmar\u0142 przed 1854 r. prawdopodobnie w parafii Potok Wielki, a Marianna prawdopodobnie po 1857 r. tam\u017ce.<\/p>\n<p><span style=\"text-decoration: underline;\">Jan<\/span> o\u017ceni\u0142 si\u0119 z Mariann\u0105 M\u0142odzikowsk\u0105 w 1822 r. w Kr\u0119pie Ko\u015bcielnej (w akcie nie podano zawodu). W latach 1823-31 rodzi\u0142y si\u0119 ich dzieci g\u0142\u00f3wnie w Kr\u0119pie Ko\u015bcielnej i w Ostrownicy. Po jej \u015bmierci powt\u00f3rnie o\u017ceni\u0142 si\u0119 w 1833 r. w Ostrownicy z Katarzyn\u0105 Badowsk\u0105. Ich dzieci rodzi\u0142y si\u0119 w latach 1834-48 \u2013 pierwsze w Ostrownicy, a inne w Hucie Borowskiej w Lubelskiem.<\/p>\n<figure id=\"attachment_774\" style=\"width: 855px\"  class=\"wp-caption aligncenter\"><img loading=\"lazy\" decoding=\"async\" class=\" wp-image-774\" src=\"http:\/\/www.szklo-ceramika.online\/wp-content\/uploads\/2020\/12\/Inked6.-Akt-slubu-Jan-Majewski-300x161.jpg\" alt=\"Fot. 7. Fragment aktu \u015blubu Jana Majewskiego z Mariann\u0105 M\u0142odzikowsk\u0105 z dnia 3 czerwca 1833 r. Fragment ksi\u0119gi parafialnej Kazan\u00f3w, wie\u015b Ostrownica.\" width=\"855\" height=\"459\" srcset=\"https:\/\/www.szklo-ceramika.online\/wp-content\/uploads\/2020\/12\/Inked6.-Akt-slubu-Jan-Majewski-300x161.jpg 300w, https:\/\/www.szklo-ceramika.online\/wp-content\/uploads\/2020\/12\/Inked6.-Akt-slubu-Jan-Majewski-1024x550.jpg 1024w, https:\/\/www.szklo-ceramika.online\/wp-content\/uploads\/2020\/12\/Inked6.-Akt-slubu-Jan-Majewski-768x412.jpg 768w, https:\/\/www.szklo-ceramika.online\/wp-content\/uploads\/2020\/12\/Inked6.-Akt-slubu-Jan-Majewski-1246x669.jpg 1246w, https:\/\/www.szklo-ceramika.online\/wp-content\/uploads\/2020\/12\/Inked6.-Akt-slubu-Jan-Majewski-675x362.jpg 675w, https:\/\/www.szklo-ceramika.online\/wp-content\/uploads\/2020\/12\/Inked6.-Akt-slubu-Jan-Majewski-480x258.jpg 480w, https:\/\/www.szklo-ceramika.online\/wp-content\/uploads\/2020\/12\/Inked6.-Akt-slubu-Jan-Majewski.jpg 1386w\" sizes=\"auto, (max-width: 855px) 100vw, 855px\" \/><figcaption class=\"wp-caption-text\">Fot. 7. Fragment aktu \u015blubu Jana Majewskiego z Mariann\u0105 M\u0142odzikowsk\u0105 z dnia 3 czerwca 1833 r. Fragment ksi\u0119gi parafialnej Kazan\u00f3w, wie\u015b Ostrownica.<\/figcaption><\/figure>\n<p>W 1823 r. Jan pracowa\u0142 w Hucie Wierzchowskiej, nast\u0119pnie w Hucie Kr\u0119pskiej, Ostrownickiej, p\u00f3\u017aniej trafi\u0142 do miejscowo\u015bci Borowa Huta w Lubelskiem i tam pracowa\u0142 w fabryce szk\u0142a \u201eBor\u00f3w\u201d. Tam r\u00f3wnie\u017c w 1851 r. zmar\u0142a jego druga \u017cona. Jako zaw\u00f3d najcz\u0119\u015bciej pojawia si\u0119 przy jego nazwisku hutnik oraz fabrykant szk\u0142a, a w ostatnich znalezionych zapisach figuruje jako rolnik kolonista. Dalsze jego losy s\u0105 nieznane.<\/p>\n<p><u>Micha\u0142,<\/u> pocz\u0105tkowo hutnik szk\u0142a, p\u00f3\u017aniej w\u0142o\u015bcianin. W 1838 r. na kr\u00f3tko wr\u00f3ci\u0142 do zawodu hutnika, a p\u00f3\u017aniej ju\u017c stale zajmowa\u0142 si\u0119 rolnictwem. Micha\u0142 wzi\u0105\u0142 \u015blub w 1825 r. w Wielgiem z El\u017cbiet\u0105 z Majewskich. W akcie \u015blubu jeszcze nie ma wzmianki, \u017ce by\u0142 hutnikiem. Mieli dziewi\u0119cioro dzieci urodzonych w latach 1826\u20121843.<\/p>\n<figure id=\"attachment_773\" style=\"width: 853px\"  class=\"wp-caption aligncenter\"><img loading=\"lazy\" decoding=\"async\" class=\" wp-image-773\" src=\"http:\/\/www.szklo-ceramika.online\/wp-content\/uploads\/2020\/12\/Inked7.-Akt-urodzenia-dziecka-Michal-Majewski-300x109.jpg\" alt=\"Fot. 8. Akt urodzenia c\u00f3rki z 16 grudnia 1830 r. w Ostrownicy, gdzie ojciec jest \u201ekunsztu hutniczego\u201d. Fragment ksi\u0119gi parafialnej Kazan\u00f3w, wie\u015b Ostrownica.\" width=\"853\" height=\"310\" srcset=\"https:\/\/www.szklo-ceramika.online\/wp-content\/uploads\/2020\/12\/Inked7.-Akt-urodzenia-dziecka-Michal-Majewski-300x109.jpg 300w, https:\/\/www.szklo-ceramika.online\/wp-content\/uploads\/2020\/12\/Inked7.-Akt-urodzenia-dziecka-Michal-Majewski-1024x373.jpg 1024w, https:\/\/www.szklo-ceramika.online\/wp-content\/uploads\/2020\/12\/Inked7.-Akt-urodzenia-dziecka-Michal-Majewski-768x280.jpg 768w, https:\/\/www.szklo-ceramika.online\/wp-content\/uploads\/2020\/12\/Inked7.-Akt-urodzenia-dziecka-Michal-Majewski-1246x454.jpg 1246w, https:\/\/www.szklo-ceramika.online\/wp-content\/uploads\/2020\/12\/Inked7.-Akt-urodzenia-dziecka-Michal-Majewski-675x246.jpg 675w, https:\/\/www.szklo-ceramika.online\/wp-content\/uploads\/2020\/12\/Inked7.-Akt-urodzenia-dziecka-Michal-Majewski-480x175.jpg 480w, https:\/\/www.szklo-ceramika.online\/wp-content\/uploads\/2020\/12\/Inked7.-Akt-urodzenia-dziecka-Michal-Majewski.jpg 1386w\" sizes=\"auto, (max-width: 853px) 100vw, 853px\" \/><figcaption class=\"wp-caption-text\">Fot. 8. Akt urodzenia c\u00f3rki z 16 grudnia 1830 r. w Ostrownicy, gdzie ojciec jest \u201ekunsztu hutniczego\u201d. Fragment ksi\u0119gi parafialnej Kazan\u00f3w, wie\u015b Ostrownica.<\/figcaption><\/figure>\n<p>W 1834 r. w akcie urodzenia kolejnej c\u00f3rki ojciec ju\u017c by\u0142 \u201ekunsztu rolniczego\u201d.<\/p>\n<p>Tylko pi\u0119cioro dzieci prze\u017cy\u0142o choroby wieku dzieci\u0119cego i wypadki losowe. Dwoje pierwszych urodzi\u0142o si\u0119 w Kr\u0119pie Ko\u015bcielnej, a wszystkie nast\u0119pne w Ostrownicy, poniewa\u017c rodzina oko\u0142o 1830 r., pewnie w zwi\u0105zku z otwarciem nowej huty szk\u0142a, tam si\u0119 przenios\u0142a. Po 1841 r. przenie\u015bli si\u0119 do W\u0142adys\u0142awowa za Zwoleniem.<\/p>\n<p>W dniu 29 listopada 1843 r. we W\u0142adys\u0142awowie parafia Kazan\u00f3w, zmar\u0142 w wieku 41 lat ojciec rodziny, Micha\u0142. W dniu 10 czerwca 1848 r. we W\u0142adys\u0142awowie parafii Kazan\u00f3w, w wieku lat 44, odesz\u0142a matka El\u017cbieta. \u017badne z dzieci Micha\u0142a nie mia\u0142o ju\u017c zwi\u0105zku z hutnictwem szk\u0142a.<\/p>\n<p><u>Marcin<\/u> urodzi\u0142 si\u0119 w Hucie Skaryszewskiej w 1807 r. Jeszcze jako kawaler przeni\u00f3s\u0142 si\u0119 w Lubelskie. By\u0142 pocz\u0105tkowo majstrem tafelnikiem w hucie szklanej (do 1841 r.). \u015alub wzi\u0105\u0142 z Franciszk\u0105 Kawk\u0105, c\u00f3rk\u0105 Franciszka i Klary, r\u00f3wnie\u017c hutnik\u00f3w w 1832 r. w Opolu Lubelskim w Hucie.<\/p>\n<figure id=\"attachment_772\" style=\"width: 801px\"  class=\"wp-caption aligncenter\"><img loading=\"lazy\" decoding=\"async\" class=\" wp-image-772\" src=\"http:\/\/www.szklo-ceramika.online\/wp-content\/uploads\/2020\/12\/Inked8.-Akt-slubu-Marcin-Majewski-300x230.jpg\" alt=\"Fot. 9. Fragment aktu \u015blubu (nr 110, Huta), zawartego mi\u0119dzy Marcinem Majewskim a Franciszk\u0105 Kawk\u0105. Fragment ksi\u0119gi parafialnej Opole Lubelskie, wie\u015b Huta.\" width=\"801\" height=\"614\" srcset=\"https:\/\/www.szklo-ceramika.online\/wp-content\/uploads\/2020\/12\/Inked8.-Akt-slubu-Marcin-Majewski-300x230.jpg 300w, https:\/\/www.szklo-ceramika.online\/wp-content\/uploads\/2020\/12\/Inked8.-Akt-slubu-Marcin-Majewski-1024x786.jpg 1024w, https:\/\/www.szklo-ceramika.online\/wp-content\/uploads\/2020\/12\/Inked8.-Akt-slubu-Marcin-Majewski-768x590.jpg 768w, https:\/\/www.szklo-ceramika.online\/wp-content\/uploads\/2020\/12\/Inked8.-Akt-slubu-Marcin-Majewski-1246x957.jpg 1246w, https:\/\/www.szklo-ceramika.online\/wp-content\/uploads\/2020\/12\/Inked8.-Akt-slubu-Marcin-Majewski-675x518.jpg 675w, https:\/\/www.szklo-ceramika.online\/wp-content\/uploads\/2020\/12\/Inked8.-Akt-slubu-Marcin-Majewski-480x369.jpg 480w, https:\/\/www.szklo-ceramika.online\/wp-content\/uploads\/2020\/12\/Inked8.-Akt-slubu-Marcin-Majewski.jpg 1382w\" sizes=\"auto, (max-width: 801px) 100vw, 801px\" \/><figcaption class=\"wp-caption-text\">Fot. 9. Fragment aktu \u015blubu (nr 110, Huta), zawartego mi\u0119dzy Marcinem Majewskim a Franciszk\u0105 Kawk\u0105. Fragment ksi\u0119gi parafialnej Opole Lubelskie, wie\u015b Huta.<\/figcaption><\/figure>\n<p>Marcin zmar\u0142 w Sulowie w Lubelskiem w 1864 r. jako szynkarz. Jego \u017cona Franciszka zmar\u0142a w roku 1889 w Otroczu w parafii Batorz tak\u017ce w Lubelskiem.<\/p>\n<p>Przebadane akta \u015bwiadcz\u0105 o \u201eprzep\u0142ywach\u201d szklarzy od jednej do drugiej huty w granicach wojew\u00f3dztw \u0142\u00f3dzkiego, mazowieckiego, \u015bwi\u0119tokrzyskiego i lubelskiego.<\/p>\n<p>Losy nast\u0119pnych pokole\u0144 przedstawionego rodu Majewskich nie by\u0142y ju\u017c zwi\u0105zane z hutnictwem szk\u0142a. Jeden z syn\u00f3w oraz wnuk Micha\u0142a, zajmowali si\u0119 zawodem mo\u017cna by rzec pokrewnym, tj. kowalstwem. Kapita\u0142 zgromadzony przez przodk\u00f3w-hutnik\u00f3w pozwala\u0142 ich rodzinom na do\u015b\u0107 dostatnie \u017cycie. Wielu z nich mia\u0142o spore gospodarstwa rolne, parobk\u00f3w i s\u0142u\u017cb\u0119. Wi\u0119kszo\u015b\u0107 potomk\u00f3w najbli\u017cszej rodziny Majewskich osiad\u0142a ostatecznie w okolicach Radomia, Kazanowa, Zwolenia i w Lubelskiem. W czasach wsp\u00f3\u0142czesnych chyba nikt z rodziny nie zajmuje si\u0119 tak\u017ce rolnictwem. Po zdobyciu wykszta\u0142cenia mieszkaj\u0105 i pracuj\u0105 w miastach.<\/p>\n<p>&nbsp;<\/p>\n<p>Tekst powsta\u0142 na podstawie materia\u0142u zebranego przez Karola Giemz\u0119 i Ma\u0142gorzat\u0119 Bia\u0142as, potomk\u00f3w Ignacego i Juliana, syn\u00f3w Micha\u0142a Majewskiego.<\/p>\n<p>&nbsp;<\/p>\n<p>ps. Histori\u0119 rodu Majewskich mo\u017cna przesledzi\u0107 tak\u017ce na przygotowanej prezentacji graficznej dost\u0119pnej <a href=\"https:\/\/prezi.com\/view\/9hNV6ccKeRkMurFrCW9r\/\" target=\"_blank\" rel=\"noopener noreferrer\">TUTAJ<\/a>.<\/p>\n<div class=\"pntrst_main_before_after\"><\/div><div class=\"fcbkbttn_buttons_block\" id=\"fcbkbttn_left\"><div class=\"fcbkbttn_button\">\n                            <a href=\"https:\/\/www.facebook.com\/szkloiceramika\" target=\"_blank\">\n                                <img decoding=\"async\" src=\"https:\/\/www.szklo-ceramika.online\/wp-content\/plugins\/social-buttons-pack\/facebook-button-plugin\/images\/standard-facebook-ico.png\" alt=\"Fb-Button\" \/>\n                            <\/a>\n                        <\/div><div class=\"fcbkbttn_like \"><fb:like href=\"https:\/\/www.szklo-ceramika.online\/en\/historia-rodziny-majewskich-hutnikow-szkla\/\" action=\"like\" colorscheme=\"light\" layout=\"button_count\"  size=\"small\"><\/fb:like><\/div><div class=\"fb-share-button  \" data-href=\"https:\/\/www.szklo-ceramika.online\/en\/historia-rodziny-majewskich-hutnikow-szkla\/\" data-type=\"button\" data-size=\"small\"><\/div><\/div>","protected":false},"excerpt":{"rendered":"<p>Hutnictwo szk\u0142a jest jednym z tych historycznych zawod\u00f3w, w kt\u00f3rych budowaniu etosu a cz\u0119sto tak\u017ce wykonywaniu, udzia\u0142 bra\u0142y ca\u0142e rodziny&hellip; <\/p>\n","protected":false},"author":4,"featured_media":771,"comment_status":"open","ping_status":"open","sticky":false,"template":"","format":"standard","meta":{"footnotes":""},"categories":[110,152,8,7],"tags":[181,182,158,11,51,52,183,179,178,180,10],"class_list":["post-764","post","type-post","status-publish","format-standard","has-post-thumbnail","hentry","category-historia","category-ludzie","category-polska","category-szklo","tag-family","tag-gens","tag-glas","tag-glass","tag-historia","tag-history","tag-line","tag-rod","tag-rodzina","tag-szklarz","tag-szklo"],"_links":{"self":[{"href":"https:\/\/www.szklo-ceramika.online\/en\/wp-json\/wp\/v2\/posts\/764","targetHints":{"allow":["GET"]}}],"collection":[{"href":"https:\/\/www.szklo-ceramika.online\/en\/wp-json\/wp\/v2\/posts"}],"about":[{"href":"https:\/\/www.szklo-ceramika.online\/en\/wp-json\/wp\/v2\/types\/post"}],"author":[{"embeddable":true,"href":"https:\/\/www.szklo-ceramika.online\/en\/wp-json\/wp\/v2\/users\/4"}],"replies":[{"embeddable":true,"href":"https:\/\/www.szklo-ceramika.online\/en\/wp-json\/wp\/v2\/comments?post=764"}],"version-history":[{"count":18,"href":"https:\/\/www.szklo-ceramika.online\/en\/wp-json\/wp\/v2\/posts\/764\/revisions"}],"predecessor-version":[{"id":866,"href":"https:\/\/www.szklo-ceramika.online\/en\/wp-json\/wp\/v2\/posts\/764\/revisions\/866"}],"wp:featuredmedia":[{"embeddable":true,"href":"https:\/\/www.szklo-ceramika.online\/en\/wp-json\/wp\/v2\/media\/771"}],"wp:attachment":[{"href":"https:\/\/www.szklo-ceramika.online\/en\/wp-json\/wp\/v2\/media?parent=764"}],"wp:term":[{"taxonomy":"category","embeddable":true,"href":"https:\/\/www.szklo-ceramika.online\/en\/wp-json\/wp\/v2\/categories?post=764"},{"taxonomy":"post_tag","embeddable":true,"href":"https:\/\/www.szklo-ceramika.online\/en\/wp-json\/wp\/v2\/tags?post=764"}],"curies":[{"name":"wp","href":"https:\/\/api.w.org\/{rel}","templated":true}]}}