{"id":857,"date":"2021-05-26T12:21:43","date_gmt":"2021-05-26T12:21:43","guid":{"rendered":"http:\/\/www.szklo-ceramika.online\/?p=857"},"modified":"2021-05-27T09:37:19","modified_gmt":"2021-05-27T09:37:19","slug":"szklarskie-rody-%e2%80%92-ekaltowie-i-leszczynscy","status":"publish","type":"post","link":"https:\/\/www.szklo-ceramika.online\/en\/szklarskie-rody-%e2%80%92-ekaltowie-i-leszczynscy\/","title":{"rendered":"Szklarskie rody \u2012 Ekaltowie i Leszczy\u0144scy"},"content":{"rendered":"<div class=\"pntrst_main_before_after\"><\/div><p>W nawi\u0105zaniu do przedstawionej uprzednio historii rodziny Majewskich, hutnik\u00f3w szk\u0142a i naszych przodk\u00f3w, przedstawiamy poni\u017cej dzieje powi\u0105zanych z nimi rod\u00f3w Ekalt\u00f3w i Leszczy\u0144skich, oba stanu szlacheckiego. Ich historia jest bardzo ciekawa ze wzgl\u0119du na znalezione w <a href=\"http:\/\/www.ziemianie.org.pl\/wiadomosci-ziemianskie\/\" target=\"_blank\" rel=\"noopener\">\u201eWiadomo\u015bciach Ziemia\u0144skich\u201d<\/a> artyku\u0142y dok\u0142adnie opisuj\u0105ce ich losy oraz na ich zwi\u0105zek z hutnictwem szk\u0142a.<\/p>\n<p><strong>Ekaltowie:<\/strong><\/p>\n<p>Nazwisko Ekalt brzmia\u0142o pocz\u0105tkowo J\u0119kal. Najstarsz\u0105 udokumentowan\u0105 postaci\u0105 z rodziny Ekalt jest Krystian (Christian) (1718 \u2012 27.06.1805). Krystian by\u0142 prawdopodobnie m\u0142odszym bratem Onufrego, kt\u00f3rego \u017con\u0105 by\u0142a Marianna Radomicka. Poni\u017cej akt zgonu Krystiana we wsi Hutk\u00f3w w parafii Krasnobr\u00f3d. Nie wiemy, czy by\u0142 kawalerem czy wdowcem.<\/p>\n<figure id=\"attachment_1399\" style=\"width: 646px\"  class=\"wp-caption alignnone\"><img loading=\"lazy\" decoding=\"async\" class=\" wp-image-1399\" src=\"http:\/\/www.szklo-ceramika.online\/wp-content\/uploads\/2021\/04\/Fot.1-300x46.png\" alt=\"\" width=\"646\" height=\"99\" srcset=\"https:\/\/www.szklo-ceramika.online\/wp-content\/uploads\/2021\/04\/Fot.1-300x46.png 300w, https:\/\/www.szklo-ceramika.online\/wp-content\/uploads\/2021\/04\/Fot.1-1024x156.png 1024w, https:\/\/www.szklo-ceramika.online\/wp-content\/uploads\/2021\/04\/Fot.1-768x117.png 768w, https:\/\/www.szklo-ceramika.online\/wp-content\/uploads\/2021\/04\/Fot.1.png 1384w\" sizes=\"auto, (max-width: 646px) 100vw, 646px\" \/><figcaption class=\"wp-caption-text\">Fot. 1. Fragment ksi\u0119gi parafialnej Krasnobr\u00f3d \u2013 akt zgonu Krystiana Ekalta, 27 czerwca 1805 r., wie\u015b Hutk\u00f3w.<\/figcaption><\/figure>\n<p>Nie spos\u00f3b udokumentowa\u0107 postaci z pradawnych czas\u00f3w, jak nestor rodu Onufry Ekalt, \u017cyj\u0105cy w latach 1703\u20121778 z \u017con\u0105 Mariann\u0105 Radomick\u0105. Przyjmujemy, \u017ce takie osoby istnia\u0142y i przodkowie Onufrego otrzymali w 1644 r. tytu\u0142 barona od kr\u00f3lowej szwedzkiej Krystyny, zgodnie z artyku\u0142ami pani Janiny Budzy\u0144skiej-Topolowskiej z \u201eWiadomo\u015bci Ziemia\u0144skich\u201d. Ostatnim Ekaltem, kt\u00f3ry u\u017cywa\u0142 tego tytu\u0142u by\u0142 prawdopodobnie syn Onufrego Antoni, m\u0105\u017c Anny Mi\u0105czy\u0144skiej.<\/p>\n<p>Dw\u00f3r w Zofi\u00f3wce, posiad\u0142o\u015b\u0107 Ekalt\u00f3w, wybudowa\u0142 \u00f3w powy\u017cej wymieniony Antoni, urodzony oko\u0142o 1743 r. Na belce stropowej wyryty by\u0142 rok zako\u0144czenia budowy \u2012 1788. Maj\u0105tek liczy\u0142 1120 m\u00f3rg. Po po\u017carze modrzewiowego dworu, prawnuk Antoniego i Anny z Mi\u0105czy\u0144skich, Teofil z \u017con\u0105 Juliann\u0105 sprzedali maj\u0105tek Zofi\u00f3wka i przenie\u015bli si\u0119 do Batorza, do swojej c\u00f3rki Marianny Heleny, \u017cony Jana Skubniewskiego. \u00a0By\u0142o to po 1881 r., poniewa\u017c w tym roku odby\u0142 si\u0119 \u015blub Skubniewskich. Ekaltowie byli wi\u0119c w Zofi\u00f3wce oko\u0142o 100 lat \u2012 mieszka\u0142o tu kilka pokole\u0144. Antoni Ekalt i Anna z Mi\u0105czy\u0144skich zmarli pewnie przed 1794 r. i nie zachowa\u0142y si\u0119 akta ich zgon\u00f3w. Zofi\u00f3wka by\u0142a prawdopodobnie cz\u0119\u015bci\u0105 wsi D\u0119biny w okolicy Opola Lubelskiego. Interesuj\u0105cy jest fakt, \u017ce \u017cadne z wydarze\u0144 rodzinnych nie odby\u0142o si\u0119 w maj\u0105tku Zofi\u00f3wka. Wszystkie dzieci rodzi\u0142y si\u0119 w r\u00f3\u017cnych miejscach, gdzie w hutach szk\u0142a akurat pracowali ojcowie, a matki im widocznie zawsze towarzyszy\u0142y. Ekaltowie byli w udokumentowanym okresie fabrykantami szk\u0142a lub dzier\u017cawcami r\u00f3\u017cnych hut szk\u0142a, pocz\u0105wszy od Antoniego, m\u0119\u017ca Anny Tremel.<\/p>\n<p>Maj\u0105tek Batorz, do kt\u00f3rego rodzina si\u0119 przenios\u0142a po po\u017carze, by\u0142 dzier\u017cawiony od rodziny Skubniewskich od 1.07.1876 r. do 1.07.1888 r. przez Teofila i Juliann\u0119 z Leszczynskich Ekalt\u00f3w, co po\u015bwiadczaj\u0105 dokumenty archiwalne znalezione w \u201eSzukaj w Archiwach\u201d. M\u0142oda para Jan Skubniewski i jego \u017cona Marianna Helena z Ekalt\u00f3w, otrzyma\u0142a go od rodzic\u00f3w Jana w wianie.<\/p>\n<p>C\u00f3rk\u0105 Antoniego Ekalta i Anny Mi\u0105czy\u0144skiej by\u0142a Teresa, kt\u00f3ra urodzi\u0142a si\u0119 oko\u0142o 1774 r. i wysz\u0142a za m\u0105\u017c za Sebastiana Frandorfnera w 1796 r. w Hucie Tarnawackiej.<\/p>\n<p>Synem Antoniego Ekalta i Anny z Mi\u0105czy\u0144skich by\u0142 Wac\u0142aw Antoni, p\u00f3\u017aniej u\u017cywa\u0142 imienia Antoni (1771\u20121814), kt\u00f3rego \u017con\u0105 by\u0142a Anna Tremel (1778\u20121840). Para ta wzi\u0119\u0142a \u015blub w 1796 r. w Hucie Tarnawackiej.<\/p>\n<figure id=\"attachment_1400\" style=\"width: 662px\"  class=\"wp-caption alignnone\"><img loading=\"lazy\" decoding=\"async\" class=\" wp-image-1400\" src=\"http:\/\/www.szklo-ceramika.online\/wp-content\/uploads\/2021\/04\/Fot.2-300x77.png\" alt=\"\" width=\"662\" height=\"170\" srcset=\"https:\/\/www.szklo-ceramika.online\/wp-content\/uploads\/2021\/04\/Fot.2-300x77.png 300w, https:\/\/www.szklo-ceramika.online\/wp-content\/uploads\/2021\/04\/Fot.2-1024x263.png 1024w, https:\/\/www.szklo-ceramika.online\/wp-content\/uploads\/2021\/04\/Fot.2-768x197.png 768w, https:\/\/www.szklo-ceramika.online\/wp-content\/uploads\/2021\/04\/Fot.2.png 1329w\" sizes=\"auto, (max-width: 662px) 100vw, 662px\" \/><figcaption class=\"wp-caption-text\">Fot. 2. Fragment ksi\u0119gi parafii Krasnobr\u00f3d \u2013 akt \u015blubu Antoniego Ekalta i Anny Tremel, 10 kwietnia 1796 r., Huta Tarnawacka.<\/figcaption><\/figure>\n<p>Owocem ich zwi\u0105zku by\u0142 syn Wac\u0142aw, urodzony w Hutkowie w parafii Krasnobr\u00f3d (17.09.1797\u201227.04.1846). Tu nale\u017cy zwr\u00f3ci\u0107 uwag\u0119 na podw\u00f3jne nazwisko J\u0119kal vel Ekalt. W rubryce zaw\u00f3d wpisano, \u017ce rodzice zajmowali si\u0119 rzemios\u0142em szklarskim w hucie szklanej Hutk\u00f3w.<\/p>\n<figure id=\"attachment_1401\" style=\"width: 656px\"  class=\"wp-caption alignnone\"><img loading=\"lazy\" decoding=\"async\" class=\" wp-image-1401\" src=\"http:\/\/www.szklo-ceramika.online\/wp-content\/uploads\/2021\/04\/Fot.-3-300x48.jpg\" alt=\"\" width=\"656\" height=\"105\" srcset=\"https:\/\/www.szklo-ceramika.online\/wp-content\/uploads\/2021\/04\/Fot.-3-300x48.jpg 300w, https:\/\/www.szklo-ceramika.online\/wp-content\/uploads\/2021\/04\/Fot.-3-1024x164.jpg 1024w, https:\/\/www.szklo-ceramika.online\/wp-content\/uploads\/2021\/04\/Fot.-3-768x123.jpg 768w, https:\/\/www.szklo-ceramika.online\/wp-content\/uploads\/2021\/04\/Fot.-3.jpg 1384w\" sizes=\"auto, (max-width: 656px) 100vw, 656px\" \/><figcaption class=\"wp-caption-text\">Fot. 3. Fragment ksi\u0119gi parafialnej Krasnobr\u00f3d \u2013 akt urodzenia Wac\u0142awa Ekalta, 17 wrze\u015bnia 1797 r., wie\u015b Hutk\u00f3w.<\/figcaption><\/figure>\n<p>W 1823 r. Wac\u0142aw po\u015blubi\u0142 Mariann\u0119 z \u0141ojewskich (1805\u20121839), c\u00f3rk\u0119 Feliksa i Marcjanny z Wy\u017cykowskich, urodzon\u0105 w \u017bydowie w parafii Kije. Dzieci Wac\u0142awa i Marianny to:<\/p>\n<ul>\n<li>Aniela, kt\u00f3ra zmar\u0142a jako 18-latka,<\/li>\n<li>Helena, kt\u00f3ra wysz\u0142a za m\u0105\u017c za Tomasza Fibakiewicza,<\/li>\n<li>Marcjanna, kt\u00f3ra po\u015blubi\u0142a Wojciecha Leszczy\u0144skiego, syna Konstantego i J\u00f3zefy z Zaremb\u00f3w. Pocz\u0105tkowo dzier\u017cawi\u0142 on Gie\u0142czew, a potem gospodarowa\u0142 w rodowym maj\u0105tku Leszczy\u0144skich w Nowym Dworze w parafii Wysokie,<\/li>\n<li>Teofil (1833\u20121916). W 1855 r. po\u015blubi\u0142 Juliann\u0119 Leszczy\u0144sk\u0105 (1838\u20121913), c\u00f3rk\u0119 Konstantego i Franciszki z Burczon\u00f3w. Jedyn\u0105 c\u00f3rk\u0105 Teofila i Julianny by\u0142a Marianna Helena urodzona w 1856 r., ochrzczona jako dwulatka w 1858 r. w Gie\u0142czewie w parafii Targowisko. Rodzina Leszczy\u0144skich jest opisana po rodzinie Ekalt.<\/li>\n<\/ul>\n<figure id=\"attachment_1402\" style=\"width: 362px\"  class=\"wp-caption alignnone\"><img loading=\"lazy\" decoding=\"async\" class=\" wp-image-1402\" src=\"http:\/\/www.szklo-ceramika.online\/wp-content\/uploads\/2021\/04\/Fot.-4-300x256.png\" alt=\"\" width=\"362\" height=\"309\" srcset=\"https:\/\/www.szklo-ceramika.online\/wp-content\/uploads\/2021\/04\/Fot.-4-300x256.png 300w, https:\/\/www.szklo-ceramika.online\/wp-content\/uploads\/2021\/04\/Fot.-4.png 628w\" sizes=\"auto, (max-width: 362px) 100vw, 362px\" \/><figcaption class=\"wp-caption-text\">Fot. 4. Portret Wac\u0142awa Ekalta z Zofi\u00f3wki, &#8220;Wiadomo\u015bci Ziemia\u0144skie&#8221;.<\/figcaption><\/figure>\n<p>Hutnictwo szk\u0142a by\u0142o \u017ar\u00f3d\u0142em utrzymania tej rodziny na pewno w pokoleniu ojca \u2012 Antoniego Ekalta, m\u0119\u017ca Anny Tremel, kt\u00f3ry ju\u017c w 1797 r. zajmowa\u0142 si\u0119 rzemios\u0142em szklarskim w hucie Hutk\u00f3w w Lubelskiem, a nast\u0119pnie w pokoleniu jego syn\u00f3w: Wac\u0142awa, Miko\u0142aja i Leona. C\u00f3rka Marianna wysz\u0142a za m\u0105\u017c za hutnika Benedykta Majewskiego. Wac\u0142aw by\u0142 dzier\u017cawc\u0105 wielu hut szk\u0142a: Huty Kr\u0119pskiej w Kr\u0119pie Ko\u015bcielnej na Mazowszu, Huty Wronowskiej w parafii Chodel, Huty Szklanej w parafii Ocies\u0119ki i dw\u00f3ch hut udokumentowanych poni\u017cej:<\/p>\n<ul>\n<li>Huty w Pierzchnicy w \u015awi\u0119tokrzyskiem:<\/li>\n<\/ul>\n<figure id=\"attachment_1403\" style=\"width: 673px\"  class=\"wp-caption alignnone\"><img loading=\"lazy\" decoding=\"async\" class=\" wp-image-1403\" src=\"http:\/\/www.szklo-ceramika.online\/wp-content\/uploads\/2021\/04\/Fot.-5-300x172.jpg\" alt=\"\" width=\"673\" height=\"386\" srcset=\"https:\/\/www.szklo-ceramika.online\/wp-content\/uploads\/2021\/04\/Fot.-5-300x172.jpg 300w, https:\/\/www.szklo-ceramika.online\/wp-content\/uploads\/2021\/04\/Fot.-5-1024x587.jpg 1024w, https:\/\/www.szklo-ceramika.online\/wp-content\/uploads\/2021\/04\/Fot.-5-768x440.jpg 768w, https:\/\/www.szklo-ceramika.online\/wp-content\/uploads\/2021\/04\/Fot.-5.jpg 1247w\" sizes=\"auto, (max-width: 673px) 100vw, 673px\" \/><figcaption class=\"wp-caption-text\">Fot. 5. Fragment ksi\u0119gi parafialnej Pierzchnica \u2013 akt urodzenia Marcjanny c\u00f3rki Wac\u0142awa Ekalta, 26 grudnia 1823 r., Huta Szklana.<\/figcaption><\/figure>\n<ul>\n<li>Huty Leonin w Lubelskiem:<\/li>\n<\/ul>\n<figure id=\"attachment_1404\" style=\"width: 654px\"  class=\"wp-caption alignnone\"><img loading=\"lazy\" decoding=\"async\" class=\" wp-image-1404\" src=\"http:\/\/www.szklo-ceramika.online\/wp-content\/uploads\/2021\/04\/Fot.-6-300x166.jpg\" alt=\"\" width=\"654\" height=\"362\" srcset=\"https:\/\/www.szklo-ceramika.online\/wp-content\/uploads\/2021\/04\/Fot.-6-300x166.jpg 300w, https:\/\/www.szklo-ceramika.online\/wp-content\/uploads\/2021\/04\/Fot.-6-1024x568.jpg 1024w, https:\/\/www.szklo-ceramika.online\/wp-content\/uploads\/2021\/04\/Fot.-6-768x426.jpg 768w, https:\/\/www.szklo-ceramika.online\/wp-content\/uploads\/2021\/04\/Fot.-6.jpg 1384w\" sizes=\"auto, (max-width: 654px) 100vw, 654px\" \/><figcaption class=\"wp-caption-text\">Fot. 6. Fragment ksi\u0119gi parafialnej Opole Lubelskie \u2013 akt urodzenia Anieli Wiktorii c\u00f3rki Wac\u0142awa Ekalta, 5 wrze\u015bnia 1830 r., Leonin.<\/figcaption><\/figure>\n<p>Hutnikami szk\u0142a byli r\u00f3wnie\u017c bracia Wac\u0142awa Miko\u0142aj Ekalt i Leon Ekalt \u2013 w odr\u00f3\u017cnieniu od Wac\u0142awa raczej nie pe\u0142nili funkcji nadzorczych, cho\u0107 Leon zmar\u0142 jako fabrykant szk\u0142a.<\/p>\n<p>Miko\u0142aj (1809\u20121869) urodzi\u0142 si\u0119 we wsi Francdorf. W 1832 r. o\u017ceni\u0142 si\u0119 w Opolu Lubelskim z Rozali\u0105 Selner. W latach 1834\u20121836 pracowa\u0142 jako hutnik w Hucie Leonin w Opolu Lubelskim. W 1838 r. pracowa\u0142 w Mazowieckiem w Hucie Ostrownica. W latach 1840\u20121842 w Hucie w Opolu Lubelskim. W latach 1844\u20121855 w Hucie Wronowskiej w Chodlu. Miko\u0142aj i Rozalia mieli dziesi\u0119cioro dzieci.\u00a0 Miko\u0142aj zmar\u0142 w 1869 r. w J\u00f3zefinie w parafii Bo\u017ca Wola. Rozalia zmar\u0142a wcze\u015bniej w 1856 r. w Borowie w parafii Chodel jako wyrobnica.<\/p>\n<p>Leon (1812\u20121857) urodzi\u0142 si\u0119 r\u00f3wnie\u017c we wsi Francdorf. Mia\u0142 dwie \u017cony: pierwsz\u0105 Ew\u0119 Zaremb\u0119. Po jej \u015bmierci po\u015blubi\u0142 Ew\u0119 Kiestel w 1836 r. w Hucie Siemie\u0144skiej, gdzie pracowa\u0142 jako hutnik. Z pierwsz\u0105 \u017con\u0105 mia\u0142 tylko jedn\u0105 c\u00f3rk\u0119, z drug\u0105 dwoje dzieci. Opr\u00f3cz tego pracowa\u0142 w Hucie \u017b\u00f3\u0142kiewka i Wronowskiej. Zmar\u0142 w 1857 r. w Hucie \u017b\u00f3\u0142kiewka jako fabrykant szk\u0142a. Kiedy zmar\u0142y jego dwie \u017cony nie wiadomo.<\/p>\n<p>Siostra Wac\u0142awa Ekalta Marianna, urodzona w 1801 r. wysz\u0142a za m\u0105\u017c za majstra wielu hut szk\u0142a Benedykta Majewskiego, kt\u00f3ry pracowa\u0142 u jej brata Wac\u0142awa. Poni\u017cej cz\u0119\u015b\u0107 aktu \u015blubu z 1818 r. w Kr\u0119pie Ko\u015bcielnej (w akcie nazwisko Jeklowa):<\/p>\n<figure id=\"attachment_1405\" style=\"width: 662px\"  class=\"wp-caption alignnone\"><img loading=\"lazy\" decoding=\"async\" class=\" wp-image-1405\" src=\"http:\/\/www.szklo-ceramika.online\/wp-content\/uploads\/2021\/04\/Fot.-7-300x112.jpg\" alt=\"\" width=\"662\" height=\"247\" srcset=\"https:\/\/www.szklo-ceramika.online\/wp-content\/uploads\/2021\/04\/Fot.-7-300x112.jpg 300w, https:\/\/www.szklo-ceramika.online\/wp-content\/uploads\/2021\/04\/Fot.-7-1024x383.jpg 1024w, https:\/\/www.szklo-ceramika.online\/wp-content\/uploads\/2021\/04\/Fot.-7-768x287.jpg 768w, https:\/\/www.szklo-ceramika.online\/wp-content\/uploads\/2021\/04\/Fot.-7.jpg 1386w\" sizes=\"auto, (max-width: 662px) 100vw, 662px\" \/><figcaption class=\"wp-caption-text\">Fot. 7. Fragment ksi\u0119gi parafialnej Kr\u0119pa Ko\u015bcielna \u2013 urywek aktu \u015blubu Benedykta Majewskiego i Marianny Ekalt, 20 pa\u017adziernika 1818 r., Kr\u0119pa Ko\u015bcielna.<\/figcaption><\/figure>\n<p>Benedykt i Marianna mieli w latach 1819\u20121844 trzyna\u015bcioro dzieci. Troje z nich zmar\u0142o w dzieci\u0144stwie. Dok\u0142adnie znamy jedynie losy: Aleksandra, kt\u00f3ry mia\u0142 dwie \u017cony: Natali\u0119 Ginter \u2013 mia\u0142 z ni\u0105 troje dzieci i drug\u0105 \u017con\u0119 Paulin\u0119 Szcz\u0119sn\u0105. Aleksander by\u0142 urz\u0119dnikiem w Kra\u015bniku, a potem w Pu\u0142ankowicach. Wiemy te\u017c co si\u0119 dzia\u0142o u Wincentego, kt\u00f3ry o\u017ceni\u0142 si\u0119 z Teofil\u0105 Oszust i by\u0142 le\u015bniczym generalnym las\u00f3w zaklikowskich. Znamy te\u017c losy Zofii, kt\u00f3ra wysz\u0142a za m\u0105\u017c za Stanis\u0142awa Ko\u015bci\u0144skiego ekonoma. Benedykt zmar\u0142 przed 1854 r. prawdopodobnie w parafii Potok Wielki. Marianna zmar\u0142a po 1857 r. tam\u017ce.<\/p>\n<p>W poni\u017cszym akcie Marianna z Ekalt\u00f3w Majewska jest opisywana jako posesorka Huty Ostrownickiej:<\/p>\n<figure id=\"attachment_1406\" style=\"width: 687px\"  class=\"wp-caption alignnone\"><img loading=\"lazy\" decoding=\"async\" class=\"wp-image-1406\" src=\"http:\/\/www.szklo-ceramika.online\/wp-content\/uploads\/2021\/04\/Fot.-8-300x118.png\" alt=\"\" width=\"687\" height=\"270\" srcset=\"https:\/\/www.szklo-ceramika.online\/wp-content\/uploads\/2021\/04\/Fot.-8-300x118.png 300w, https:\/\/www.szklo-ceramika.online\/wp-content\/uploads\/2021\/04\/Fot.-8-1024x403.png 1024w, https:\/\/www.szklo-ceramika.online\/wp-content\/uploads\/2021\/04\/Fot.-8-768x303.png 768w, https:\/\/www.szklo-ceramika.online\/wp-content\/uploads\/2021\/04\/Fot.-8.png 1386w\" sizes=\"auto, (max-width: 687px) 100vw, 687px\" \/><figcaption class=\"wp-caption-text\">Fot. 8. Fragment ksi\u0119gi parafialnej Krzy\u017can\u00f3w \u2013 Marianna z Ekalt\u00f3w Majewska jako chrzestna, okre\u015blona posesork\u0105 Huty Szklanej Ostrownickiej, 26 listopada 1837 r., Huta Krzy\u017canowska.<\/figcaption><\/figure>\n<p><img loading=\"lazy\" decoding=\"async\" class=\"alignnone wp-image-1618 zoooom\" src=\"http:\/\/www.szklo-ceramika.online\/wp-content\/uploads\/2021\/05\/Rod-Ekaltow.jpg\" alt=\"\" width=\"2500\" height=\"1416\" \/><\/p>\n<p><strong>Leszczy\u0144scy:<\/strong><\/p>\n<p>Rodzina Ekalt\u00f3w by\u0142a powi\u0105zana poprzez dwa ma\u0142\u017ce\u0144stwa, co jest opisane powy\u017cej, z rodzin\u0105 Leszczy\u0144skich. Ojciec tego rodu Konstanty, szlachcic, by\u0142 pewnie pocz\u0105tkowo zubo\u017ca\u0142y, poniewa\u017c w pierwszych trzech znalezionych aktach by\u0142 karczmarzem. Nast\u0119pnie pracowa\u0142 w hucie Radogoskiej bez podania zawodu, p\u00f3\u017aniej na pewno by\u0142 posesorem, potem dzier\u017cawc\u0105 huty Jarczewskiej. Mog\u0142o to mie\u0107 zwi\u0105zek z po\u015blubieniem J\u00f3zefy Zaremby, szlachcianki, o kt\u00f3rej wi\u0119cej poni\u017cej. Konstanty by\u0142 w latach p\u00f3\u017aniejszych przedsi\u0119biorc\u0105 w Hucie K\u0119belskiej, a nast\u0119pnie w\u0142a\u015bcicielem huty w Cudnowie. W podesz\u0142ym wieku mieszka\u0142 w Batorzu u wnuczki \u2012 Marianny Skubniewskiej, c\u00f3rki Teofila Ekalta i Julianny z Leszczy\u0144skich.<\/p>\n<p>Konstanty Leszczy\u0144ski pochodzi\u0142 z Dalkowa w \u0141\u00f3dzkiem. Mia\u0142 trzy \u017cony. Pierwsz\u0105 by\u0142a J\u00f3zefa z Zaremb\u00f3w, c\u00f3rka Marcina i Gertrudy z Kizi\u0144skich \u2013 szlachcianka. Po\u015blubi\u0142 j\u0105 w 1814 r., Hucie Radogoskiej, w par. NMP w \u0141odzi. Starsza siostra J\u00f3zefy Zaremby &#8211; Marianna wysz\u0142a za m\u0105\u017c za Wac\u0142awa Kizi\u0144skiego, hutnika pracuj\u0105cego w wielu szklanych hutach. J\u00f3zefa zmar\u0142a w 1834 r. W akcie zgonu okre\u015blana jest jako posesorka Huty Jarczewskiej. Rodzina Zaremb\u00f3w by\u0142a r\u00f3wnie\u017c zwi\u0105zana z hutnictwem szk\u0142a i by\u0142a zamo\u017cna, poniewa\u017c po po\u015blubieniu J\u00f3zefy sytuacja finansowa Konstantego znacznie si\u0119 poprawi\u0142a. Drug\u0105 \u017con\u0105 Konstantego by\u0142a Franciszka Burczon (lub Burczy\u0144ska, r\u00f3\u017cnie w r\u00f3\u017cnych aktach), a trzeci\u0105 J\u00f3zefa z Celi\u0144skich 1v. Rodkiewicz. Julianna by\u0142a przed\u015blubnym dzieckiem Konstantego z Franciszk\u0105 Burczon. Dopiero p\u00f3\u017aniej uzna\u0142 on Juliann\u0119 jako swoj\u0105 c\u00f3rk\u0119 aktem S\u0105du Pokoju z dnia 17.02.1859 r. Franciszka powi\u0142a Konstantemu jeszcze dw\u00f3ch syn\u00f3w, zanim si\u0119 z ni\u0105 o\u017ceni\u0142 w 1845 r. Zmar\u0142a w 1852 r. Kiedy zmar\u0142 Konstanty nie wiadomo.<\/p>\n<p>Dobra rodowe Leszczy\u0144skich, by\u0107 mo\u017ce przej\u0119te od Zaremb\u00f3w, a mo\u017ce nabyte za posag to: wie\u015b Tarnawka i folwark Nowy Dw\u00f3r w parafii Wysokie. W 1867 r. folwark zosta\u0142 puszczony w dzier\u017caw\u0119 wg \u201eSzukaj w Archiwach\u201d, ale rodzina posiada\u0142a te dobra do 1945 r.<\/p>\n<figure id=\"attachment_1396\" style=\"width: 674px\"  class=\"wp-caption alignnone\"><img loading=\"lazy\" decoding=\"async\" class=\" wp-image-1396\" src=\"http:\/\/www.szklo-ceramika.online\/wp-content\/uploads\/2021\/04\/Fot.-9-300x150.jpg\" alt=\"\" width=\"674\" height=\"337\" srcset=\"https:\/\/www.szklo-ceramika.online\/wp-content\/uploads\/2021\/04\/Fot.-9-300x150.jpg 300w, https:\/\/www.szklo-ceramika.online\/wp-content\/uploads\/2021\/04\/Fot.-9-1024x513.jpg 1024w, https:\/\/www.szklo-ceramika.online\/wp-content\/uploads\/2021\/04\/Fot.-9-768x385.jpg 768w, https:\/\/www.szklo-ceramika.online\/wp-content\/uploads\/2021\/04\/Fot.-9.jpg 1386w\" sizes=\"auto, (max-width: 674px) 100vw, 674px\" \/><figcaption class=\"wp-caption-text\">Fot. 9. Fragment ksi\u0119gi parafialnej Wilczyska \u2013 akt urodzenia Walerianny Leszczy\u0144skiej, c\u00f3rki Konstantego Leszczy\u0144skiego, 19 stycznia 1828 r., Huta Jarczewska.<\/figcaption><\/figure>\n<figure id=\"attachment_1397\" style=\"width: 201px\"  class=\"wp-caption alignleft\"><img loading=\"lazy\" decoding=\"async\" class=\"wp-image-1397 size-medium\" src=\"http:\/\/www.szklo-ceramika.online\/wp-content\/uploads\/2021\/04\/Fot.-10a-201x300.png\" alt=\"\" width=\"201\" height=\"300\" srcset=\"https:\/\/www.szklo-ceramika.online\/wp-content\/uploads\/2021\/04\/Fot.-10a-201x300.png 201w, https:\/\/www.szklo-ceramika.online\/wp-content\/uploads\/2021\/04\/Fot.-10a.png 625w\" sizes=\"auto, (max-width: 201px) 100vw, 201px\" \/><figcaption class=\"wp-caption-text\">Fot. 10. Wiadomo\u015bci Ziemia\u0144skie \u2013 portret Konstantego Leszczy\u0144skiego z Zofi\u00f3wki.<\/figcaption><\/figure>\n<p>W powy\u017cszym tek\u015bcie zamieszczone s\u0105 tylko najstarsze akta metrykalne. Wi\u0119kszo\u015b\u0107 akt\u00f3w urodze\u0144 i ma\u0142\u017ce\u0144stw zosta\u0142a odnaleziona. Niekt\u00f3rych akt\u00f3w zgonu nie uda\u0142o si\u0119 zlokalizowa\u0107. W poni\u017cszym drzewie Ekalt\u00f3w jest umieszczona ju\u017c nie\u017cyj\u0105c\u0105 pani Janina Budzy\u0144ska-Topolowska, kt\u00f3ra by\u0142a autork\u0105 cyklu artyku\u0142\u00f3w na temat rodziny Ekalt\u00f3w i Leszczy\u0144skich, zamieszczanych w Wiadomo\u015bciach Ziemia\u0144skich. To na ich podstawie powsta\u0142 niniejszy tekst, zweryfikowany po znalezieniu dziesi\u0105tek akt\u00f3w metrykalnych i kilku innych dokument\u00f3w. Je\u015bli kto\u015b jest zainteresowany najnowsz\u0105 histori\u0105 opisanych rodzin to znajdzie je w oryginalnych artyku\u0142ach pani Janiny, kt\u00f3re s\u0105 wymienione poni\u017cej.<\/p>\n<p>&nbsp;<\/p>\n<p>&nbsp;<\/p>\n<p><img loading=\"lazy\" decoding=\"async\" class=\"alignnone wp-image-1610 zoooom\" src=\"http:\/\/www.szklo-ceramika.online\/wp-content\/uploads\/2021\/05\/Rod-Leszczynskich2-300x159.jpg\" alt=\"\" width=\"653\" height=\"346\" srcset=\"https:\/\/www.szklo-ceramika.online\/wp-content\/uploads\/2021\/05\/Rod-Leszczynskich2-300x159.jpg 300w, https:\/\/www.szklo-ceramika.online\/wp-content\/uploads\/2021\/05\/Rod-Leszczynskich2-1024x544.jpg 1024w, https:\/\/www.szklo-ceramika.online\/wp-content\/uploads\/2021\/05\/Rod-Leszczynskich2-768x408.jpg 768w, https:\/\/www.szklo-ceramika.online\/wp-content\/uploads\/2021\/05\/Rod-Leszczynskich2-1536x816.jpg 1536w, https:\/\/www.szklo-ceramika.online\/wp-content\/uploads\/2021\/05\/Rod-Leszczynskich2-2048x1089.jpg 2048w\" sizes=\"auto, (max-width: 653px) 100vw, 653px\" \/><\/p>\n<p>\u0179r\u00f3d\u0142a:<\/p>\n<ol>\n<li>Wiadomo\u015bci ziemia\u0144skie: nr 3\/2000 o Skubniewskich, <a href=\"http:\/\/biblioteka.teatrnn.pl\/dlibra\/Content\/86576\/Zofiowka.pdf\" target=\"_blank\" rel=\"noopener\">nr 5\/2001 o Zofi\u00f3wce dobrach Ekalt\u00f3w<\/a>, nr 14\/2003 o Leszczy\u0144skich i <a href=\"http:\/\/biblioteka.teatrnn.pl\/dlibra\/Content\/85563\/Rodzina_Ekaltow.pdf\" target=\"_blank\" rel=\"noopener\">nr 37\/2009 o Ekaltach<\/a>, ale by\u0142o ich wi\u0119cej (nie wszystkie uda\u0142o si\u0119 zdoby\u0107) i w Ziemianach XX w. w tomie 5 Teofil Ekalt str. 26\u201227 i Marianna Helena z Ekalt\u00f3w Skubniewska str. 152\u2012154. Trzy zdj\u0119cia w tek\u015bcie z w\/w artyku\u0142\u00f3w.<\/li>\n<li>Akta metrykalne zebrane przez Karola Giemz\u0119 i Ma\u0142gorzat\u0119 Bia\u0142as<\/li>\n<\/ol>\n<div class=\"pntrst_main_before_after\"><\/div><div class=\"fcbkbttn_buttons_block\" id=\"fcbkbttn_left\"><div class=\"fcbkbttn_button\">\n                            <a href=\"https:\/\/www.facebook.com\/szkloiceramika\" target=\"_blank\">\n                                <img decoding=\"async\" src=\"https:\/\/www.szklo-ceramika.online\/wp-content\/plugins\/social-buttons-pack\/facebook-button-plugin\/images\/standard-facebook-ico.png\" alt=\"Fb-Button\" \/>\n                            <\/a>\n                        <\/div><div class=\"fcbkbttn_like \"><fb:like href=\"https:\/\/www.szklo-ceramika.online\/en\/szklarskie-rody-%e2%80%92-ekaltowie-i-leszczynscy\/\" action=\"like\" colorscheme=\"light\" layout=\"button_count\"  size=\"small\"><\/fb:like><\/div><div class=\"fb-share-button  \" data-href=\"https:\/\/www.szklo-ceramika.online\/en\/szklarskie-rody-%e2%80%92-ekaltowie-i-leszczynscy\/\" data-type=\"button\" data-size=\"small\"><\/div><\/div>","protected":false},"excerpt":{"rendered":"<p>W nawi\u0105zaniu do przedstawionej uprzednio historii rodziny Majewskich, hutnik\u00f3w szk\u0142a i naszych przodk\u00f3w, przedstawiamy poni\u017cej dzieje powi\u0105zanych z nimi rod\u00f3w&hellip; <\/p>\n","protected":false},"author":4,"featured_media":1612,"comment_status":"open","ping_status":"open","sticky":false,"template":"","format":"standard","meta":{"footnotes":""},"categories":[110,152,7],"tags":[329,181,348,349,11,133,51,52,132,330,179,180,10],"class_list":["post-857","post","type-post","status-publish","format-standard","has-post-thumbnail","hentry","category-historia","category-ludzie","category-szklo","tag-ekalt","tag-family","tag-genealogia","tag-genealogy","tag-glass","tag-glassworks","tag-historia","tag-history","tag-huta-szkla","tag-leszczynski","tag-rod","tag-szklarz","tag-szklo"],"_links":{"self":[{"href":"https:\/\/www.szklo-ceramika.online\/en\/wp-json\/wp\/v2\/posts\/857","targetHints":{"allow":["GET"]}}],"collection":[{"href":"https:\/\/www.szklo-ceramika.online\/en\/wp-json\/wp\/v2\/posts"}],"about":[{"href":"https:\/\/www.szklo-ceramika.online\/en\/wp-json\/wp\/v2\/types\/post"}],"author":[{"embeddable":true,"href":"https:\/\/www.szklo-ceramika.online\/en\/wp-json\/wp\/v2\/users\/4"}],"replies":[{"embeddable":true,"href":"https:\/\/www.szklo-ceramika.online\/en\/wp-json\/wp\/v2\/comments?post=857"}],"version-history":[{"count":27,"href":"https:\/\/www.szklo-ceramika.online\/en\/wp-json\/wp\/v2\/posts\/857\/revisions"}],"predecessor-version":[{"id":1631,"href":"https:\/\/www.szklo-ceramika.online\/en\/wp-json\/wp\/v2\/posts\/857\/revisions\/1631"}],"wp:featuredmedia":[{"embeddable":true,"href":"https:\/\/www.szklo-ceramika.online\/en\/wp-json\/wp\/v2\/media\/1612"}],"wp:attachment":[{"href":"https:\/\/www.szklo-ceramika.online\/en\/wp-json\/wp\/v2\/media?parent=857"}],"wp:term":[{"taxonomy":"category","embeddable":true,"href":"https:\/\/www.szklo-ceramika.online\/en\/wp-json\/wp\/v2\/categories?post=857"},{"taxonomy":"post_tag","embeddable":true,"href":"https:\/\/www.szklo-ceramika.online\/en\/wp-json\/wp\/v2\/tags?post=857"}],"curies":[{"name":"wp","href":"https:\/\/api.w.org\/{rel}","templated":true}]}}